{"id":905,"date":"2022-12-16T20:10:17","date_gmt":"2022-12-16T18:10:17","guid":{"rendered":"https:\/\/oblati.benediktini.sk\/?p=905"},"modified":"2022-12-16T20:13:09","modified_gmt":"2022-12-16T18:13:09","slug":"narodenie-k-oblature-a-dorastaniu","status":"publish","type":"post","link":"https:\/\/oblati.benediktini.sk\/?p=905","title":{"rendered":"Narodenie k oblat\u00fare a dorastaniu"},"content":{"rendered":"\n<p><strong>o. Jozef<\/strong><\/p>\n\n\n\n<p><em>Pon\u00fakam kr\u00e1tke svedectv\u00e1 \u013eud\u00ed, ktor\u00fd u\u017e viac rokov \u017eij\u00fa v&nbsp;rodinnom prostred\u00ed mn\u00ed\u0161sku cestu benedikt\u00ednskej cesty pri na\u0161om kl\u00e1\u0161tore. Spolo\u010denstvo obl\u00e1tov obohatili svoj\u00edm vstupom do ro\u010dnej form\u00e1cie nov\u00ed kandid\u00e1ti 13 novembra. Prajem Ewe Horv\u00e1thovej, Stanovi Chomistekovi, M\u00e1riovi Kubasovi a&nbsp;Palovi \u0160m\u00fdkalovi, ich \u010das rozli\u0161ovania a&nbsp;pr\u00edpravy na trval\u00fd vstup do spolo\u010denstva Samporsk\u00fdch obl\u00e1tov napln\u00ed Svetlom, ktor\u00e9 prich\u00e1dza cez mal\u00e9 Die\u0165a a&nbsp;zv\u00e4\u010d\u0161\u00ed ich srdce pre pravdiv\u00fd \u017eivot v&nbsp;dne\u0161nom svete.<\/em><\/p>\n\n\n\n<!--more-->\n\n\n\n<ol class=\"wp-block-list\" type=\"1\">\n<li><strong>Za\u010diatky a&nbsp;sk\u00fasenos\u0165 z&nbsp; mojej oblat\u00fary<\/strong>.<\/li>\n<\/ol>\n\n\n\n<p>V&nbsp;obdob\u00ed m\u00f4jho&nbsp; \u017eivota nastal \u010das , kedy mi deti za\u010dali dorasta\u0165 a&nbsp;moja snaha o&nbsp;z\u00e1kladn\u00e9 materi\u00e1lne hodnoty pre rodinu bola viac menej splnen\u00e1, tak som za\u010dal poci\u0165ova\u0165 \u201ehlad\u201c po nie\u010dom viac vo svojom osobnom \u017eivote. Vtedy som bol pozvan\u00fd do Benedikt\u00ednskeho kl\u00e1\u0161tora na brig\u00e1du, kde ma ve\u013emi&nbsp; oslovila spiritualita modlitby a&nbsp;pr\u00e1ce. O&nbsp;nejak\u00fd \u010das mi \u201elen\u201c pr\u00e1ca nesta\u010dila a&nbsp;preto som sa chcel dosta\u0165 do h\u013abky \u017eivota v&nbsp;komunite a&nbsp;t\u00fdm aj za\u010dala moja form\u00e1cia v&nbsp;spolo\u010denstve obl\u00e1tov.<\/p>\n\n\n\n<p>Spo\u010diatku som bol v\u0165ahovan\u00fd&nbsp; do tajomstiev \u017eivotov p\u00fa\u0161tnych otcov a&nbsp;teda po\u010diatkov mn\u00ed\u0161skeho \u017eivota, \u010do ma ve\u013emi oslobodzovalo od siln\u00e9ho materialistick\u00e9ho myslenia, ktor\u00fdm si v\u0161etci prech\u00e1dzame my \u013eudia \u017eij\u00faci vo svete. Uvedomil som si , \u017ee moje sk\u00fasenosti aj poh\u013ead na vz\u0165ah k&nbsp;Bohu sa za\u010dal pren\u00e1\u0161a\u0165 aj na moju rodinu,&nbsp; za \u010do som bol Bohu aj komunite mn\u00edchov v\u010fa\u010dn\u00fd.<\/p>\n\n\n\n<p>Ale tak ako v&nbsp;in\u00fdch vz\u0165ahoch s\u00fa probl\u00e9my , tak aj spolo\u010denstve obl\u00e1tov sa za\u010dali objavova\u0165 situ\u00e1cie ,pred ktor\u00fdmi by som najrad\u0161ej utiekol. Ale nie spolo\u010denstvo je probl\u00e9mom , ale moja ochota a&nbsp;snaha prija\u0165 s&nbsp;pokorou cestu , ktor\u00fa mi P\u00e1n pon\u00fakol v&nbsp;spolo\u010denstve obl\u00e1tov. Som v\u010fa\u010dn\u00fd za t\u00fato mo\u017enos\u0165 \u201er\u00e1s\u0165\u201c pri komunite mn\u00edchov benedikt\u00ednov. Ver\u00edm a d\u00fafam&nbsp; , \u017ee ja, ale aj cel\u00e9 spolo\u010denstvo obl\u00e1tov&nbsp;&nbsp; budeme m\u00f4c\u0165 vo v\u00e4\u010d\u0161ej miere by\u0165 oso\u017en\u00ed bratom mn\u00edchom za tie duchovn\u00e9 dary a&nbsp;sprev\u00e1dzanie.<\/p>\n\n\n\n<p>s&nbsp;v\u010fa\u010dnos\u0165ou a l\u00e1skou<\/p>\n\n\n\n<p>obl\u00e1t Milo\u0161<\/p>\n\n\n\n<ul class=\"wp-block-list\">\n<li><strong>M\u00f4j za\u010diatok<\/strong> form\u00e1cie za\u010dal moj\u00edm krstom. Skon\u010d\u00ed sa na konci m\u00f4jho \u017eivota. S&nbsp;Bo\u017eou pomocou.<\/li>\n<\/ul>\n\n\n\n<p>obl\u00e1tka A\u0148a<\/p>\n\n\n\n<ul class=\"wp-block-list\">\n<li>+Pax Moja <strong>cesta do oblat\u00fary &nbsp;bola o po\u010d\u00favan\u00ed<\/strong> a h\u013eadan\u00ed&nbsp;Boha, Ke\u010f&nbsp;sa mi dostala do r\u00fak Regula sv.Benedikta u\u017e prolog ma tak oslovil, \u017ee moje Fiat pri\u0161lo okam\u017eite. Spolo\u010denstvo obl\u00e1tov kde patr\u00edm s\u00fa \u013eudia&nbsp;ktor\u00fd&nbsp;s \u00faprimn\u00fdm srdcom veria a h\u013eadaj\u00fa Boha. Kl\u00e1\u0161tor v Sampore je moj\u00edm maj\u00e1kom kde v\u017edy n\u00e1jdem l\u00e1sku pokoj ticho-\u017eiv\u00e9ho Boha. Som v\u010fa\u010dn\u00fd&nbsp;Nebesk\u00e9mu otcovi \u017ee tu patr\u00edm.<\/li>\n<\/ul>\n\n\n\n<p><strong> <\/strong>obl\u00e1t Jozef<\/p>\n\n\n\n<ul class=\"wp-block-list\">\n<li>O&nbsp;sp\u00f4sobe \u017eivota benedikt\u00ednov som sa dozvedela d\u00e1vnej\u0161ie v&nbsp;na\u0161ej farnosti. Najviac mi utkvela my\u0161lienka sp\u00e1ja\u0165 modlitbu s&nbsp;pr\u00e1cou. Ove\u013ea nesk\u00f4r som pri\u0161la do kl\u00e1\u0161tora.Do form\u00e1cie pre obl\u00e1tov som vst\u00fapila s&nbsp;o\u010dak\u00e1van\u00edm preh\u013abi\u0165 svoj duchovn\u00fd \u017eivot pod veden\u00edm a&nbsp;tie\u017e s&nbsp;vierou,\u017ee tu ma poz\u00fdva P\u00e1n.Po viacer\u00fdch rokoch si uvedomujem,\u017ee som na za\u010diatku. Form\u00e1cia m\u00f4jho okolia,zdar- nezdar.Neviem odpoveda\u0165,ale za v\u0161etko dobr\u00e9 \u010fakujem a&nbsp;\u010do som nezvl\u00e1dla odovzd\u00e1vam do Bo\u017eieho milosrdenstva.<\/li>\n<\/ul>\n\n\n\n<p>obl\u00e1tka Ema&nbsp;<\/p>\n\n\n\n<ul class=\"wp-block-list\">\n<li>U\u017e d\u00e1vno pred vstupom do oblat\u00fary som poci\u0165ovala potrebu Duchovn\u00e9ho vedenia. Pri n\u00e1v\u0161tev\u00e1ch kl\u00e1\u0161tora som sa dozvedela ,\u017ee je tu mo\u017enos\u0165 hlb\u0161ieho h\u013eadania Bo\u017eej cesty. Nesklamala som sa a tak ma n\u00e1\u0161 milostiv\u00fd P\u00e1n formuje, cez Lectio divina , \u010d\u00edtanie p\u00fa\u0161tnych otcov, medit\u00e1cie, ve\u010f bez neho ni\u010d nezm\u00f4\u017eeme. Lektorujem prij\u00edmam a pom\u00e1ham ka\u017ed\u00e9mu koho stret\u00e1vam na svojej ceste .<\/li>\n<\/ul>\n\n\n\n<p>&nbsp; obl\u00e1tka Vierka<\/p>\n\n\n\n<ul class=\"wp-block-list\">\n<li>Za to \u017ee som dnes obl\u00e1tom v\u010fa\u010d\u00edm o. Franti\u0161kovi, ktor\u00fd ma ako brig\u00e1dnika v&nbsp;roku 2003 priviedol do Bac\u00farova, kde som mal mo\u017enos\u0165 spozna\u0165 mn\u00edchov benedikt\u00ednov a&nbsp;ich Ora et Labora. Pr\u00eds\u013eubmi obl\u00e1ta v&nbsp;roku 2012 sa m\u00f4j duchovn\u00fd \u017eivot zmenil tak, \u017ee som prestal chodi\u0165 do kostola a&nbsp;za\u010dal chodi\u0165 na sv\u00e4t\u00e9 om\u0161e.&nbsp; Za\u010dal som uplat\u0148ova\u0165 ORA et Labora v&nbsp;praktickom \u017eivote. S&nbsp;Labora nebol \u017eiadny probl\u00e9m, ale s&nbsp;Ora to u\u017e tak\u00e9 \u013eahk\u00e9 nebolo. Dlho my trvalo k\u00fdm som si zvykol na pravideln\u00e9 modlenie a&nbsp;inak vn\u00edma\u0165 duchovn\u00fa str\u00e1nku \u017eivota. E\u0161te st\u00e1le m\u00e1m \u010do doh\u00e1\u0148a\u0165, ale u\u017e&nbsp; pravidelne de\u0148 za\u010d\u00ednam Rann\u00fdmi chv\u00e1lami a&nbsp;kon\u010d\u00edm Komplet\u00f3riom.&nbsp;&nbsp;<\/li>\n<\/ul>\n\n\n\n<p>obl\u00e1t J\u00e1n<\/p>\n\n\n\n<p>Pre m\u0148a je za\u010diatkom form\u00e1cie ka\u017ed\u00fd jeden de\u0148, ktor\u00fd sa sna\u017e\u00edm za\u010da\u0165&nbsp;rann\u00fdmi chv\u00e1lami. Nie v\u017edy je to s rados\u0165ou a chcen\u00edm, ale viem, \u017ee \u010d\u00edm viac dn\u00ed vynech\u00e1m, t\u00fdm \u0165a\u017e\u0161ie sa vracia na t\u00fato cestu. Cestu formovania P\u00e1nom cez v\u0161etko, \u010do prinesie de\u0148.&nbsp;<\/p>\n\n\n\n<p>&nbsp;obl\u00e1tka Miriam<\/p>\n\n\n\n<p><em>V\u0161etk\u00fdm \u010fakujem a&nbsp;prajem \u010dist\u00fa rados\u0165 z&nbsp;chudoby Ducha pri jasliach Je\u017ei\u0161a naroden\u00e9ho<\/em><\/p>\n\n\n\n<p><em>o.Jozef<\/em><\/p>\n","protected":false},"excerpt":{"rendered":"<p>o. Jozef Pon\u00fakam kr\u00e1tke svedectv\u00e1 \u013eud\u00ed, ktor\u00fd u\u017e viac rokov \u017eij\u00fa v&nbsp;rodinnom prostred\u00ed mn\u00ed\u0161sku cestu benedikt\u00ednskej cesty pri na\u0161om kl\u00e1\u0161tore. Spolo\u010denstvo obl\u00e1tov obohatili svoj\u00edm vstupom do ro\u010dnej form\u00e1cie nov\u00ed kandid\u00e1ti 13 novembra. Prajem Ewe Horv\u00e1thovej, Stanovi Chomistekovi, M\u00e1riovi Kubasovi a&nbsp;Palovi \u0160m\u00fdkalovi, ich \u010das rozli\u0161ovania a&nbsp;pr\u00edpravy na trval\u00fd vstup do spolo\u010denstva Samporsk\u00fdch obl\u00e1tov napln\u00ed Svetlom, ktor\u00e9 [&hellip;]<\/p>\n","protected":false},"author":2,"featured_media":0,"comment_status":"closed","ping_status":"closed","sticky":false,"template":"","format":"standard","meta":{"footnotes":""},"categories":[3],"tags":[],"class_list":["post-905","post","type-post","status-publish","format-standard","hentry","category-aktuality"],"_links":{"self":[{"href":"https:\/\/oblati.benediktini.sk\/index.php?rest_route=\/wp\/v2\/posts\/905","targetHints":{"allow":["GET"]}}],"collection":[{"href":"https:\/\/oblati.benediktini.sk\/index.php?rest_route=\/wp\/v2\/posts"}],"about":[{"href":"https:\/\/oblati.benediktini.sk\/index.php?rest_route=\/wp\/v2\/types\/post"}],"author":[{"embeddable":true,"href":"https:\/\/oblati.benediktini.sk\/index.php?rest_route=\/wp\/v2\/users\/2"}],"replies":[{"embeddable":true,"href":"https:\/\/oblati.benediktini.sk\/index.php?rest_route=%2Fwp%2Fv2%2Fcomments&post=905"}],"version-history":[{"count":3,"href":"https:\/\/oblati.benediktini.sk\/index.php?rest_route=\/wp\/v2\/posts\/905\/revisions"}],"predecessor-version":[{"id":908,"href":"https:\/\/oblati.benediktini.sk\/index.php?rest_route=\/wp\/v2\/posts\/905\/revisions\/908"}],"wp:attachment":[{"href":"https:\/\/oblati.benediktini.sk\/index.php?rest_route=%2Fwp%2Fv2%2Fmedia&parent=905"}],"wp:term":[{"taxonomy":"category","embeddable":true,"href":"https:\/\/oblati.benediktini.sk\/index.php?rest_route=%2Fwp%2Fv2%2Fcategories&post=905"},{"taxonomy":"post_tag","embeddable":true,"href":"https:\/\/oblati.benediktini.sk\/index.php?rest_route=%2Fwp%2Fv2%2Ftags&post=905"}],"curies":[{"name":"wp","href":"https:\/\/api.w.org\/{rel}","templated":true}]}}