{"id":88,"date":"2015-01-04T15:26:29","date_gmt":"2015-01-04T13:26:29","guid":{"rendered":"http:\/\/oblati.benediktini.sk\/?p=88"},"modified":"2015-01-04T15:28:25","modified_gmt":"2015-01-04T13:28:25","slug":"treti-svetovy-kongres-oblatov-v-rime","status":"publish","type":"post","link":"https:\/\/oblati.benediktini.sk\/?p=88","title":{"rendered":"Tret\u00ed svetov\u00fd kongres obl\u00e1tov v R\u00edme."},"content":{"rendered":"<p style=\"text-align: justify;\">Svetov\u00fd kongres benedikt\u00ednskych obl\u00e1tov sa konal v d\u0148och 3 &#8211; 10. okt\u00f3bra 2013 v R\u00edme. Za benedikt\u00ednsku komunitu obl\u00e1tov zo Slovenska sa kongresu z\u00fa\u010dastnila obl\u00e1tka Dagmar.<a href=\"http:\/\/oblati.benediktini.sk\/wp-content\/uploads\/2015\/01\/col-open.gif\" data-rel=\"lightbox-image-0\" data-rl_title=\"\" data-rl_caption=\"\" title=\"\"><img loading=\"lazy\" decoding=\"async\" class=\"alignright wp-image-89 \" src=\"http:\/\/oblati.benediktini.sk\/wp-content\/uploads\/2015\/01\/col-open-300x225.gif\" alt=\"col-open\" width=\"205\" height=\"154\" \/><\/a><\/p>\n<p style=\"text-align: justify;\">\u00dastrednou t\u00e9mou kongresu bolo OBSCULTA \u2013 PO\u010c\u00daVANIE. V tomto duchu sa niesli aj dve z\u00e1kladn\u00e9 predn\u00e1\u0161ky od sestry Mary John Mananzan OSB z Filip\u00edn a o. Michala Cesey Ocist. Sestra Mary upriamila pozornos\u0165 na po\u010d\u00favanie sveta okolo n\u00e1s \u2013 chudoba, priepastn\u00e9 rozdiely medzi chudobn\u00fdmi a bohat\u00fdmi, rasov\u00e9 probl\u00e9my, n\u00e1bo\u017eensk\u00e1 nezn\u00e1\u0161anlivos\u0165, ekologick\u00e9 katastrofy, honba za materi\u00e1lnymi p\u00f4\u017eitkami a duchovn\u00e1 chudoba.<\/p>\n<p style=\"text-align: justify;\"><a href=\"http:\/\/oblati.benediktini.sk\/wp-content\/uploads\/2015\/01\/pic-04-15.jpg\" data-rel=\"lightbox-image-1\" data-rl_title=\"\" data-rl_caption=\"\" title=\"\"><img loading=\"lazy\" decoding=\"async\" class=\"alignright wp-image-91\" src=\"http:\/\/oblati.benediktini.sk\/wp-content\/uploads\/2015\/01\/pic-04-15.jpg\" alt=\"pic-04-15\" width=\"192\" height=\"127\" \/><\/a>\u00a0\u00a0Druh\u00e1 predn\u00e1\u0161ka bola zameran\u00e1 na po\u010d\u00favanie svojho vn\u00fatra v n\u00e1v\u00e4znosti na medit\u00e1ciu a zastavenie sa, na rozhovor s Bohom. Na workshopoch rezonovalo motto na\u0161ej doby, \u201eglobaliz\u00e1cia povrchnosti\u201c , ke\u010f pre r\u00fdchle \u017eivotn\u00e9 tempo \u013eudia str\u00e1caj\u00fa schopnos\u0165 pre\u017e\u00edva\u0165 dan\u00fd okamih, dan\u00fa chv\u00ed\u013eu a v\u0161etko sa pre\u017e\u00edva iba povrchne, bez chuti a v\u00f4ne pr\u00edtomn\u00e9ho \u017eivota.<br \/>\nWorkshopy sa niesli aj v duchu modlitieb , medit\u00e1ci\u00ed a snahy a \u00faprimn\u00fd poh\u013ead na seba a svoje postoje.<br \/>\n<a href=\"http:\/\/oblati.benediktini.sk\/wp-content\/uploads\/2015\/01\/deleg.jpg\" data-rel=\"lightbox-image-2\" data-rl_title=\"\" data-rl_caption=\"\" title=\"\"><img loading=\"lazy\" decoding=\"async\" class=\"alignnone  wp-image-90\" src=\"http:\/\/oblati.benediktini.sk\/wp-content\/uploads\/2015\/01\/deleg-300x204.jpg\" alt=\"deleg\" width=\"426\" height=\"290\" srcset=\"https:\/\/oblati.benediktini.sk\/wp-content\/uploads\/2015\/01\/deleg-300x204.jpg 300w, https:\/\/oblati.benediktini.sk\/wp-content\/uploads\/2015\/01\/deleg.jpg 540w\" sizes=\"auto, (max-width: 426px) 100vw, 426px\" \/><\/a><\/p>\n<p style=\"text-align: justify;\">Okrem ofici\u00e1lneho programu prebiehali paralelne aj neofici\u00e1lne rozhovory medzi obl\u00e1tmi zo 163 kraj\u00edn sveta. Vymie\u0148ali sme si mailov\u00e9 adresy, www str\u00e1nky a vznikali nov\u00e9 priate\u013estv\u00e1 vo ve\u013ekej benedikt\u00ednskej rodine.<br \/>\n\u010eakujeme na\u0161ej obl\u00e1tke Dagmare za vzorn\u00fa reprezent\u00e1ciu benedikt\u00ednskych obl\u00e1tov zo Sampora.<\/p>\n<p><strong>Str\u00e1nka kongresu<\/strong> <strong>:<\/strong> <a title=\"Str\u00e1nka kongresu.\" href=\"http:\/\/www.benedictine-oblates.org\/2013\/index-en.htm\">http:\/\/www.benedictine-oblates.org\/2013\/index-en.htm<\/a><br \/>\n<strong>Foto z kongresu :<\/strong> <a href=\"http:\/\/www.benedictine-oblates.org\/2013\/foto-en.php\">http:\/\/www.benedictine-oblates.org\/2013\/foto-en.php<\/a><\/p>\n<p><strong>Video z kongresu:<\/strong> <a href=\"https:\/\/www.youtube.com\/watch?v=YQgkKf4-0gI#t=113\">https:\/\/www.youtube.com\/watch?v=YQgkKf4-0gI#t=113<\/a><\/p>\n","protected":false},"excerpt":{"rendered":"<p>Svetov\u00fd kongres benedikt\u00ednskych obl\u00e1tov sa konal v d\u0148och 3 &#8211; 10. okt\u00f3bra 2013 v R\u00edme. Za benedikt\u00ednsku komunitu obl\u00e1tov zo Slovenska sa kongresu z\u00fa\u010dastnila obl\u00e1tka Dagmar. \u00dastrednou t\u00e9mou kongresu bolo OBSCULTA \u2013 PO\u010c\u00daVANIE. V tomto duchu sa niesli aj dve z\u00e1kladn\u00e9 predn\u00e1\u0161ky od sestry Mary John Mananzan OSB z Filip\u00edn a o. Michala Cesey Ocist. [&hellip;]<\/p>\n","protected":false},"author":2,"featured_media":0,"comment_status":"open","ping_status":"open","sticky":false,"template":"","format":"standard","meta":{"footnotes":""},"categories":[3],"tags":[],"class_list":["post-88","post","type-post","status-publish","format-standard","hentry","category-aktuality"],"_links":{"self":[{"href":"https:\/\/oblati.benediktini.sk\/index.php?rest_route=\/wp\/v2\/posts\/88","targetHints":{"allow":["GET"]}}],"collection":[{"href":"https:\/\/oblati.benediktini.sk\/index.php?rest_route=\/wp\/v2\/posts"}],"about":[{"href":"https:\/\/oblati.benediktini.sk\/index.php?rest_route=\/wp\/v2\/types\/post"}],"author":[{"embeddable":true,"href":"https:\/\/oblati.benediktini.sk\/index.php?rest_route=\/wp\/v2\/users\/2"}],"replies":[{"embeddable":true,"href":"https:\/\/oblati.benediktini.sk\/index.php?rest_route=%2Fwp%2Fv2%2Fcomments&post=88"}],"version-history":[{"count":1,"href":"https:\/\/oblati.benediktini.sk\/index.php?rest_route=\/wp\/v2\/posts\/88\/revisions"}],"predecessor-version":[{"id":92,"href":"https:\/\/oblati.benediktini.sk\/index.php?rest_route=\/wp\/v2\/posts\/88\/revisions\/92"}],"wp:attachment":[{"href":"https:\/\/oblati.benediktini.sk\/index.php?rest_route=%2Fwp%2Fv2%2Fmedia&parent=88"}],"wp:term":[{"taxonomy":"category","embeddable":true,"href":"https:\/\/oblati.benediktini.sk\/index.php?rest_route=%2Fwp%2Fv2%2Fcategories&post=88"},{"taxonomy":"post_tag","embeddable":true,"href":"https:\/\/oblati.benediktini.sk\/index.php?rest_route=%2Fwp%2Fv2%2Ftags&post=88"}],"curies":[{"name":"wp","href":"https:\/\/api.w.org\/{rel}","templated":true}]}}