{"id":860,"date":"2022-09-06T09:00:46","date_gmt":"2022-09-06T07:00:46","guid":{"rendered":"https:\/\/oblati.benediktini.sk\/?p=860"},"modified":"2022-09-06T09:07:53","modified_gmt":"2022-09-06T07:07:53","slug":"a-zasa-boli","status":"publish","type":"post","link":"https:\/\/oblati.benediktini.sk\/?p=860","title":{"rendered":"A zasa boli&#8230;"},"content":{"rendered":"\n<p><strong>Obl\u00e1tka  Vierka Sobotov\u00e1<\/strong><\/p>\n\n\n\n<p>Duchovn\u00e9 cvi\u010denia obl\u00e1tov, ktor\u00e9 vn\u00edmame ako stretnutie v spolo\u010dnom zdie\u013ean\u00ed svojich<br>t\u00fa\u017eob, my\u0161lienok, pocitov, toho na\u010do n\u00e1s Sv\u00e4t\u00fd Duch upozorn\u00ed v n\u00e1s, pre n\u00e1s a n\u00e1\u0161 \u017eivot.<br><br><\/p>\n\n\n\n<figure class=\"wp-block-image size-large\"><a href=\"https:\/\/oblati.benediktini.sk\/wp-content\/uploads\/2022\/09\/unnamed-scaled.jpg\" data-rel=\"lightbox-image-0\" data-rl_title=\"\" data-rl_caption=\"\" title=\"\"><img loading=\"lazy\" decoding=\"async\" width=\"1024\" height=\"768\" src=\"https:\/\/oblati.benediktini.sk\/wp-content\/uploads\/2022\/09\/unnamed-1024x768.jpg\" alt=\"\" class=\"wp-image-861\" srcset=\"https:\/\/oblati.benediktini.sk\/wp-content\/uploads\/2022\/09\/unnamed-1024x768.jpg 1024w, https:\/\/oblati.benediktini.sk\/wp-content\/uploads\/2022\/09\/unnamed-300x225.jpg 300w, https:\/\/oblati.benediktini.sk\/wp-content\/uploads\/2022\/09\/unnamed-768x576.jpg 768w, https:\/\/oblati.benediktini.sk\/wp-content\/uploads\/2022\/09\/unnamed-1536x1152.jpg 1536w, https:\/\/oblati.benediktini.sk\/wp-content\/uploads\/2022\/09\/unnamed-2048x1536.jpg 2048w\" sizes=\"auto, (max-width: 1024px) 100vw, 1024px\" \/><\/a><\/figure>\n\n\n\n<!--more-->\n\n\n\n<p>&nbsp;&nbsp;&nbsp;&nbsp;&nbsp;DC druhej polovici skupiny obl\u00e1tov sa za\u010dali 19.5.2022 Ve\u0161perami a kon\u010dili v nede\u013eu<br>22.5.2022 rozl\u00fa\u010dkou a fotografovan\u00edm.<br>&nbsp;&nbsp;&nbsp;&nbsp;&nbsp;S l\u00e1skav\u00fdm veden\u00edm o. Jozefa Brod\u0148ansk\u00e9ho sme boli obozn\u00e1men\u00ed s t\u00e9mou cvi\u010den\u00ed.<br>T\u00e9ma cvi\u010denia bola pokoncilov\u00e1 Cirkev s hlavnou my\u0161lienkou \u201dvyjs\u0165 von\u201d, sp\u00e1sa je pre<br>v\u0161etk\u00fdch .&nbsp; &nbsp;&nbsp;\u201c\u0160\u0165astn\u00ed s\u00fa v\u0161etci, \u010do sa spoliehaj\u00fa na neho\u201d \u017d2,12<br>DC prebiehali zvy\u010dajn\u00fdm &nbsp;sp\u00f4sobom, \u00fa\u010das\u0165 na modlitb\u00e1ch Liturgie hod\u00edn, sv. om\u0161a , kr\u00e1tka predn\u00e1\u0161ka, \u010d\u00edtanie Sv\u00e4t\u00e9ho p\u00edsma, Apoftegmaty, rozj\u00edmanie, osobn\u00e1 modlitba, prech\u00e1dzka.<br>Pr\u00edjemn\u00fdm prekvapen\u00edm bolo pozeranie filmu Babetina hostina ,v troch \u010dastiach, z\u00e1merne aby sme mali \u010das zamyslie\u0165 sa nad konan\u00edm jednotliv\u00fdch post\u00e1v, n\u00e1js\u0165 ich probl\u00e9m, ak\u00e9 by<br>&nbsp;mohlo by\u0165 rie\u0161enie, ak\u00e9 boli pocity. Na duchovn\u00fa hodnotu filmu upozornil aj p\u00e1pe\u017e Franti\u0161ek.<br>&nbsp;&nbsp;&nbsp;&nbsp;&nbsp;&nbsp;&nbsp;H\u013eadali sme &nbsp;vlastnosti Cirkvi, ktor\u00fa Sv\u00e4t\u00fd Otec Franti\u0161ek prirovnal k Po\u013enej nemocnici. \u00dalohou Cirkvi je odovzd\u00e1va\u0165 Bo\u017eie slovo, vedie\u0165 sa rozhodn\u00fa\u0165 pre Je\u017ei\u0161a. H\u013eada\u0165 ho v tv\u00e1rach svojich bl\u00ed\u017enych, v obetovan\u00ed sa ,v odovzd\u00e1van\u00ed l\u00e1skavosti, vypo\u010dut\u00ed, bez moralizovania, rozd\u00e1va\u0165 l\u00e1sku.<\/p>\n\n\n\n<p><br>&nbsp;&nbsp;<strong>A tu s\u00fa na\u0161e \u00faprimn\u00e9 reflexie ako sme pre\u017eili spolo\u010dn\u00fd \u010das s upriamen\u00edm do bud\u00facnosti.<\/strong><\/p>\n\n\n\n<p><a><\/a><br>&nbsp; \u201eDC s\u00fa pre m\u0148a zastaven\u00edm sa, uvedomen\u00edm si potreby Boha vo svojom \u017eivote.<br>Zhodnoten\u00edm kde je, na akom mieste, \u010do pre m\u0148a znamen\u00e1, ako \u010falej. \u201dAk vo svojom<br>\u017eivote za\u017eijeme l\u00e1sku Boha, napln\u00ed n\u00e1s k\u00faskom pravdy o n\u00e1s sam\u00fdch. Film Babetina<br>hostina, ktor\u00fd sme videli, bol pre m\u0148a poh\u013eadom do svojho vn\u00fatra ako Boha prakticky<br>\u017eijem. \u010eakujem za spolo\u010denstvo, za obohatenie ka\u017ed\u00fdm, za ochotu by\u0165 bl\u00edzko in\u00fdm.\u201c<\/p>\n\n\n\n<p>Anka D.<\/p>\n\n\n\n<p><br>\u00a0\u00a0\u201eTieto DC boli pre m\u0148a v\u00fdnimo\u010dn\u00e9. Nielen preto, \u017ee sme boli len siedmi, \u010do mi vyhovuje, ale hlavne preto ,\u017ee som pochopil vetu, \u017ee na konci budeme s\u00faden\u00ed iba z l\u00e1sky.<br>Naozajstn\u00fa bratsk\u00fa l\u00e1sku som poc\u00edtil tak od bratov Benedikt\u00ednov ,ktor\u00ed sa o n\u00e1s pr\u00edkladne starali, ako aj od spolo\u010denstva obl\u00e1tov s ktor\u00fdmi sme upevnili vz\u0165ahy , za \u010do im zo srdca \u010fakujem. A tak obohaten\u00fd o t\u00fato pre m\u0148a najd\u00f4le\u017eitej\u0161iu sk\u00fasenos\u0165 z DC, teraz zost\u00e1va<br>u\u017e len prenies\u0165 a e\u0161te viac uplat\u0148ova\u0165 ju v \u017eivote.\u201c<\/p>\n\n\n\n<p>Radko<\/p>\n\n\n\n<p><br>\u00a0\u00a0\u00a0\u201eVeleb\u00ed du\u0161a moja P\u00e1na a m\u00f4j duch jas\u00e1 v Bohu, v jeho Slove Synovi, v l\u00e1ske oboch<br>v Duchu Sv\u00e4tom, \u010fakuj\u00fac za \u010das s vami v\u0161etk\u00fdmi, uprostred v\u0161etk\u00e9ho \u010do nap\u013a\u0148a m\u00f4j \u017eivot<br>\u00a0v jeho objat\u00ed.\u201c<\/p>\n\n\n\n<p>M\u00e1ria<\/p>\n\n\n\n<p><br>\u00a0\u00a0\u201eU\u017e je to viac dn\u00ed od uplynut\u00ed DC ,ale e\u0161te st\u00e1le nech\u00e1vam priestor ich odznievaniu. Nechcem predbieha\u0165 ani sa un\u00e1hli\u0165 v ich hodnoten\u00ed. Mo\u017eno spomeniem len, \u017ee bolo pr\u00edjemn\u00e9 ,lebo sme neboli ve\u013ek\u00e1 skupina a \u017ee sa na jednotliv\u00fdch stretnutiach vyjadroval<br>\u00a0ka\u017ed\u00fd k t\u00e9me. Pre m\u0148a bolo obohacuj\u00face po\u010d\u00fava\u0165 ostatn\u00fdch. Bol to \u010das pln\u00fd podnetov,<br>\u00a0ktor\u00e9 t\u00fa\u017eim uplatni\u0165 spolo\u010dne v \u010fal\u0161om kr\u00e1\u010dan\u00ed.\u201c<\/p>\n\n\n\n<p>Emka<\/p>\n\n\n\n<p><br>\u00a0\u00a0\u201eNeuteka\u0165 pred l\u00e1skou. Toto bola k\u013e\u00fa\u010dov\u00e1 veta na ktor\u00fa som pri\u0161iel po\u010das DC v Sampore.<br>\u00a0Ako konkr\u00e9tne ju budem \u017ei\u0165 vo svete na to sa budem sna\u017ei\u0165 h\u013eada\u0165 odpove\u010f v tichej<br>\u00a0modlitbe medit\u00e1cie. Za \u010das DC, za tento \u010das, som v\u010fa\u010dn\u00fd Bohu ,mn\u00edchom a tie\u017e man\u017eelke, ktor\u00e1 sa starala o\u00a0na\u0161e \u0161tyri deti, pokia\u013e som sa ja in\u0161piroval.\u201c<\/p>\n\n\n\n<p>Tom\u00e1\u0161<\/p>\n\n\n\n<p>\u201eRados\u0165 zo spolo\u010dne &nbsp;pre\u017eit\u00fdch chv\u00ed\u013e a P\u00e1nova pr\u00edtomnos\u0165 bola s nami. Sv\u00e4t\u00fd Duch n\u00e1m otv\u00e1ral nov\u00e9 priestory v sebaobjavovan\u00ed jeho l\u00e1sky v n\u00e1s. Jeho ve\u010dnej l\u00e1sky vo\u010di stvorenstvu. Naplnen\u00edm \u017eivota je milova\u0165, l\u00e1skou, ktor\u00e1 vie \u010daka\u0165 na t\u00fdch, ktor\u00ed jej silu e\u0161te nena\u0161li, a ke\u010f treba vie aj ml\u010da\u0165 a iba obj\u00edma\u0165. Zost\u00e1va u\u017e len doda\u0165, tak ako sa spieva v piesni \u201cPrip\u00fataj ma svojou l\u00e1skou ve\u010dnou\u201d.<\/p>\n\n\n\n<p>&nbsp;Vierka<\/p>\n","protected":false},"excerpt":{"rendered":"<p>Obl\u00e1tka Vierka Sobotov\u00e1 Duchovn\u00e9 cvi\u010denia obl\u00e1tov, ktor\u00e9 vn\u00edmame ako stretnutie v spolo\u010dnom zdie\u013ean\u00ed svojicht\u00fa\u017eob, my\u0161lienok, pocitov, toho na\u010do n\u00e1s Sv\u00e4t\u00fd Duch upozorn\u00ed v n\u00e1s, pre n\u00e1s a n\u00e1\u0161 \u017eivot.<\/p>\n","protected":false},"author":2,"featured_media":0,"comment_status":"closed","ping_status":"closed","sticky":false,"template":"","format":"standard","meta":{"footnotes":""},"categories":[3],"tags":[],"class_list":["post-860","post","type-post","status-publish","format-standard","hentry","category-aktuality"],"_links":{"self":[{"href":"https:\/\/oblati.benediktini.sk\/index.php?rest_route=\/wp\/v2\/posts\/860","targetHints":{"allow":["GET"]}}],"collection":[{"href":"https:\/\/oblati.benediktini.sk\/index.php?rest_route=\/wp\/v2\/posts"}],"about":[{"href":"https:\/\/oblati.benediktini.sk\/index.php?rest_route=\/wp\/v2\/types\/post"}],"author":[{"embeddable":true,"href":"https:\/\/oblati.benediktini.sk\/index.php?rest_route=\/wp\/v2\/users\/2"}],"replies":[{"embeddable":true,"href":"https:\/\/oblati.benediktini.sk\/index.php?rest_route=%2Fwp%2Fv2%2Fcomments&post=860"}],"version-history":[{"count":2,"href":"https:\/\/oblati.benediktini.sk\/index.php?rest_route=\/wp\/v2\/posts\/860\/revisions"}],"predecessor-version":[{"id":865,"href":"https:\/\/oblati.benediktini.sk\/index.php?rest_route=\/wp\/v2\/posts\/860\/revisions\/865"}],"wp:attachment":[{"href":"https:\/\/oblati.benediktini.sk\/index.php?rest_route=%2Fwp%2Fv2%2Fmedia&parent=860"}],"wp:term":[{"taxonomy":"category","embeddable":true,"href":"https:\/\/oblati.benediktini.sk\/index.php?rest_route=%2Fwp%2Fv2%2Fcategories&post=860"},{"taxonomy":"post_tag","embeddable":true,"href":"https:\/\/oblati.benediktini.sk\/index.php?rest_route=%2Fwp%2Fv2%2Ftags&post=860"}],"curies":[{"name":"wp","href":"https:\/\/api.w.org\/{rel}","templated":true}]}}