{"id":830,"date":"2022-02-06T18:14:10","date_gmt":"2022-02-06T16:14:10","guid":{"rendered":"https:\/\/oblati.benediktini.sk\/?p=830"},"modified":"2022-02-06T18:24:55","modified_gmt":"2022-02-06T16:24:55","slug":"stretnutie-pocuvanie-a-rozlisovanie-pri-babetinej-hostine","status":"publish","type":"post","link":"https:\/\/oblati.benediktini.sk\/?p=830","title":{"rendered":"Stretnutie, po\u010d\u00favanie a rozli\u0161ovanie pri Babetinej hostine"},"content":{"rendered":"\n<p><strong>Obl\u00e1ti: Miroslav a Lenka Jozefiakovci<\/strong><\/p>\n\n\n\n<p>(Duchovn\u00e9 cvi\u010denia obl\u00e1tov 20.-23.1.2022,&nbsp; kl\u00e1\u0161tor otcov benedikt\u00ednov Sampor)<\/p>\n\n\n\n<figure class=\"wp-block-image size-large is-resized\"><a href=\"https:\/\/oblati.benediktini.sk\/wp-content\/uploads\/2022\/02\/DSC_8934.jpg\" data-rel=\"lightbox-image-0\" data-rl_title=\"\" data-rl_caption=\"\" title=\"\"><img loading=\"lazy\" decoding=\"async\" src=\"https:\/\/oblati.benediktini.sk\/wp-content\/uploads\/2022\/02\/DSC_8934-615x1024.jpg\" alt=\"\" class=\"wp-image-832\" width=\"608\" height=\"1013\" srcset=\"https:\/\/oblati.benediktini.sk\/wp-content\/uploads\/2022\/02\/DSC_8934-615x1024.jpg 615w, https:\/\/oblati.benediktini.sk\/wp-content\/uploads\/2022\/02\/DSC_8934-180x300.jpg 180w, https:\/\/oblati.benediktini.sk\/wp-content\/uploads\/2022\/02\/DSC_8934-768x1278.jpg 768w, https:\/\/oblati.benediktini.sk\/wp-content\/uploads\/2022\/02\/DSC_8934-923x1536.jpg 923w, https:\/\/oblati.benediktini.sk\/wp-content\/uploads\/2022\/02\/DSC_8934.jpg 1160w\" sizes=\"auto, (max-width: 608px) 100vw, 608px\" \/><\/a><\/figure>\n\n\n\n<!--more-->\n\n\n\n<p>V&nbsp;t\u00fdchto d\u0148och sa konali DC pre skupinu obl\u00e1tov, ktor\u00ed sa rozhodli vyu\u017ei\u0165 tieto zimn\u00e9 dni na spolo\u010dn\u00e9 stretnutie a&nbsp;zdie\u013eanie. DC pre niektor\u00fdch \u2013 skupinka z&nbsp;Oravy \u2013 za\u010dali u\u017e samou cestou, na ktorej museli zdol\u00e1va\u0165 n\u00e1strahy na ceste a&nbsp;cvi\u010di\u0165 sa v&nbsp;trpezlivosti a&nbsp;d\u00f4vere v&nbsp;Bo\u017eiu pomoc. Po zd\u013ahavej ceste \u0161\u0165astlivo dorazili a&nbsp;\u0161tvrtok ve\u010der sa za spevu k&nbsp;Duchu Sv\u00e4t\u00e9mu otvorili na jeho vanutie. T\u00e9ma DC nebola jednozna\u010dn\u00e9 predstaven\u00e1, a&nbsp;aj tento samotn\u00fd fakt n\u00e1s pob\u00e1dal k&nbsp;spr\u00e1vnemu rozli\u0161ovaniu a&nbsp;h\u013eadaniu si vlastnej cesty, ktorej cie\u013eom malo by\u0165 lep\u0161ie otvorenie sa na modlitbu. Tento duchovn\u00fd proces bol roz\u010dlenen\u00fd na tri samostatn\u00e9 prvky: lectio divina, osobn\u00e1 modlitba a&nbsp;pobyt na \u010derstvom vzduchu. Jednou z&nbsp;mo\u017en\u00fdch lekt\u00far bola \u010das\u0165 Listu Sol\u00fan\u010danom 5. kapitoly, kde sv. Pavol hovor\u00ed o&nbsp;ustavi\u010dnej radosti. In\u00fa \u010das\u0165 predstavovali apofthegmy a&nbsp;v&nbsp;neposlednom rade to boli pr\u00edhovory sv. otca Franti\u0161ka k&nbsp;synode. V&nbsp;tomto r\u00f4znom \u017e\u00e1nrovom spektre si ka\u017ed\u00fd mohol vybra\u0165, to, \u010do sa mu v&nbsp;dan\u00fd \u010das a&nbsp;priestor padlo vhodn\u00e9 pre du\u0161u. Prech\u00e1dzky po okol\u00ed v&nbsp;mrazivom po\u010das\u00ed zase dobre prospievali fyzickej str\u00e1nke \u010dloveka. Preto\u017ee pre sv. Benedikta a jeho nasledovn\u00edkov je telo na duchovnej ceste rovnako d\u00f4le\u017eit\u00e9 ako du\u0161a. K&nbsp;Bohu putujeme s&nbsp;telom a&nbsp;du\u0161ou. Spiritualita sa neodohr\u00e1va iba v&nbsp;duchu, ale ja v&nbsp;tele. Telo a&nbsp;du\u0161a na seba navz\u00e1jom p\u00f4sobia. To bolo kr\u00e1sne vykreslen\u00e9 vo filme Babetina hostina, ktor\u00fd bol tie\u017e s\u00fa\u010das\u0165ou DC.<\/p>\n\n\n\n<p>Lebo ka\u017ed\u00fd sme jednotlivec \u2013 osobnos\u0165 so svojimi \u010drtami \u2013 no spolu tvor\u00edme spolo\u010denstvo. A&nbsp;to vy\u017eaduje spolo\u010dn\u00e9 stretnutie, vz\u00e1jomn\u00e9 po\u010d\u00favanie sa a&nbsp;n\u00e1sledne rozli\u0161ovanie. Vzbudzuje to v&nbsp;n\u00e1s <em>vn\u00fatorn\u00fd nepokoj, ktor\u00fd n\u00e1s vyz\u00fdva robi\u0165 veci lep\u0161ie a&nbsp;rozli\u0161ova\u0165, \u010do treba zachova\u0165 a&nbsp;\u010do zmeni\u0165. Nie v\u0161etky zmeny prejd\u00fa n\u00e1bo\u017eenskou colnicou, no treba d\u00f4verova\u0165 v&nbsp;Bo\u017eiu makrothymiu \u2013 trpezlivosti Bo\u017eieho poh\u013eadu, lebo Boh vid\u00ed \u010faleko a&nbsp;sa nikam nepon\u00e1h\u013ea<\/em>.<\/p>\n\n\n\n<p>\u010eakujem n\u00e1\u0161mu moder\u00e1torovi o. Jozefovi, \u017ee n\u00e1s \u201en\u00fati\u201c by\u0165 st\u00e1le v&nbsp;pohybe, lebo sv. otec Franti\u0161ek hovor\u00ed, <em>\u201e\u017ee to, \u010do sa neh\u00fdbe je ako voda. A&nbsp;teologick\u00e9 skuto\u010dnosti s\u00fa ako voda. Ak voda nete\u010die, stuchne a&nbsp;prv\u00e1 za\u010d\u00edna hni\u0165\u201c.<\/em> A&nbsp;dovol\u00edme si k&nbsp;tomu doda\u0165: stuchnut\u00e1 farnos\u0165, spolo\u010denstvo \u010di kres\u0165an za\u010d\u00edna by\u0165 prehnit\u00fd.<\/p>\n\n\n\n<p>Aj napriek v\u0161etk\u00fdm \u017eivotn\u00fdm skuto\u010dnostiam, nech n\u00e1s sprev\u00e1dza ustavi\u010dn\u00e1 rados\u0165.<\/p>\n\n\n\n<p>Aleluja! (srde\u010dne pozdravujeme Janka ) <\/p>\n\n\n\n<p>(V&nbsp;M\u00fatnom na sviatok sv. Tom\u00e1\u0161a Akvinsk\u00e9ho, 28.1.2022)<\/p>\n","protected":false},"excerpt":{"rendered":"<p>Obl\u00e1ti: Miroslav a Lenka Jozefiakovci (Duchovn\u00e9 cvi\u010denia obl\u00e1tov 20.-23.1.2022,&nbsp; kl\u00e1\u0161tor otcov benedikt\u00ednov Sampor)<\/p>\n","protected":false},"author":2,"featured_media":0,"comment_status":"closed","ping_status":"open","sticky":false,"template":"","format":"standard","meta":{"footnotes":""},"categories":[3],"tags":[],"class_list":["post-830","post","type-post","status-publish","format-standard","hentry","category-aktuality"],"_links":{"self":[{"href":"https:\/\/oblati.benediktini.sk\/index.php?rest_route=\/wp\/v2\/posts\/830","targetHints":{"allow":["GET"]}}],"collection":[{"href":"https:\/\/oblati.benediktini.sk\/index.php?rest_route=\/wp\/v2\/posts"}],"about":[{"href":"https:\/\/oblati.benediktini.sk\/index.php?rest_route=\/wp\/v2\/types\/post"}],"author":[{"embeddable":true,"href":"https:\/\/oblati.benediktini.sk\/index.php?rest_route=\/wp\/v2\/users\/2"}],"replies":[{"embeddable":true,"href":"https:\/\/oblati.benediktini.sk\/index.php?rest_route=%2Fwp%2Fv2%2Fcomments&post=830"}],"version-history":[{"count":2,"href":"https:\/\/oblati.benediktini.sk\/index.php?rest_route=\/wp\/v2\/posts\/830\/revisions"}],"predecessor-version":[{"id":835,"href":"https:\/\/oblati.benediktini.sk\/index.php?rest_route=\/wp\/v2\/posts\/830\/revisions\/835"}],"wp:attachment":[{"href":"https:\/\/oblati.benediktini.sk\/index.php?rest_route=%2Fwp%2Fv2%2Fmedia&parent=830"}],"wp:term":[{"taxonomy":"category","embeddable":true,"href":"https:\/\/oblati.benediktini.sk\/index.php?rest_route=%2Fwp%2Fv2%2Fcategories&post=830"},{"taxonomy":"post_tag","embeddable":true,"href":"https:\/\/oblati.benediktini.sk\/index.php?rest_route=%2Fwp%2Fv2%2Ftags&post=830"}],"curies":[{"name":"wp","href":"https:\/\/api.w.org\/{rel}","templated":true}]}}