{"id":785,"date":"2021-08-29T11:23:46","date_gmt":"2021-08-29T09:23:46","guid":{"rendered":"https:\/\/oblati.benediktini.sk\/?p=785"},"modified":"2021-08-29T11:23:46","modified_gmt":"2021-08-29T09:23:46","slug":"blahoslaveny-columba-marmion","status":"publish","type":"post","link":"https:\/\/oblati.benediktini.sk\/?p=785","title":{"rendered":"Blahoslaven\u00fd Columba Marmion"},"content":{"rendered":"\n<p><strong>Obl\u00e1t Miroslav<\/strong><\/p>\n\n\n\n<p>Columba sa narodil 1.4.1858 v\u00a0Dubline v\u00a0\u00cdrsku do ve\u013ekej a\u00a0zbo\u017enej rodiny. Bol pokrsten\u00fd ako Jozef Alojz. Tri z\u00a0jeho sestier zasv\u00e4tili svoj \u017eivot Kristovi ako mn\u00ed\u0161ky v\u00a0kl\u00e1\u0161tore Milosrdenstva v\u00a0Clonakilty na ju\u017enom pobre\u017e\u00ed ostrova. \u00a0Spo\u010diatku chodil do najbli\u017e\u0161ej \u0161koly ktor\u00fa viedli augustini\u00e1ni. V roku 1869, ke\u010f za\u010dal Prv\u00fd vatik\u00e1nsky koncil vst\u00fapil do gymn\u00e1zia\u00a0 v\u00a0jezuitskom kol\u00e9giu Belvedere v\u00a0Dubline. Tam sa uk\u00e1zal ako nadan\u00fd \u0161tudent, preto mu provinci\u00e1l jezuitov pon\u00fakol vstup do jezuitsk\u00e9ho novici\u00e1tu. \u0160t\u00fadia zav\u0155\u0161il v\u00a0Pontifik\u00e1lnom \u00edrskom kol\u00e9giu v\u00a0R\u00edme v\u00a0roku 1881 a\u00a0tam prijal aj k\u0148azsk\u00fa vysviacku. Bola mu udelen\u00e1 s\u00a0di\u0161penzom, nako\u013eko e\u0161te nedosiahol stanoven\u00fd k\u00e1nonicky vek 24 rokov. \u00a0Po\u010das jeho cesty spa\u0165 do \u00cdrska, prech\u00e1dzal cez Maredsous \u00a0&#8211; mlad\u00fd benedikt\u00ednsky rozv\u00edjaj\u00faci sa kl\u00e1\u0161tor v\u00a0Belgicku, ktor\u00fd bol zalo\u017een\u00fd len dev\u00e4\u0165 rokov (1872) predt\u00fdm benedikt\u00ednskymi mn\u00edchmi z\u00a0Beuronu v\u00a0Nemecku. Ve\u013emi si \u017eelal vst\u00fapi\u0165 k\u00a0nim do komunity, ale jeho arcibiskup v\u00a0\u00cdrsku mu odporu\u010dil si to e\u0161te rozmyslie\u0165 a\u00a0po\u010dka\u0165. <\/p>\n\n\n\n<!--more-->\n\n\n\n<p>V\u00a0\u00cdrsku v\u00a0tej dobe u\u017e \u017eiadni benedikt\u00edni neboli, len mal\u00e1 skupinka franc\u00fazskych mn\u00edchov, ktor\u00ed boli vyhnan\u00ed z\u00a0krajiny, ale do novici\u00e1tu u\u017e nikoho neprij\u00edmali. Arcibiskup\u00a0 MacCabe ani s\u00e1m Marmion vtedy e\u0161te netu\u0161ili, \u017ee Boh naozaj ur\u010dil tohto \u00edrskeho klerika ako ve\u013ek\u00e9 svetlo benedikt\u00ednskeho mn\u00ed\u0161stva. Marmion sa tak onedlho mal dosta\u0165 do centra, v\u00a0ktorom sa vtedy tvorila hist\u00f3ria r\u00e1du. T\u00fdmto centrom nebolo Monte Cassino, i\u00a0ke\u010f to bola kol\u00edska r\u00e1du, ale novo zalo\u017een\u00e9 kl\u00e1\u0161tory uprostred Eur\u00f3py. Benediktova regula nap\u00edsan\u00e1 v\u00a06. storo\u010d\u00ed nepoznala nejak\u00fa centralizovan\u00fa mocensk\u00fa \u0161trukt\u00faru riaden\u00fa z\u00a0jedn\u00e9ho miesta. Dodnes je v\u00a0benedikt\u00ednskom svete z\u00e1kladnou jednotkou jednotliv\u00fd kl\u00e1\u0161tor, i\u00a0ke\u010f jednotliv\u00e9 kl\u00e1\u0161tory sa sp\u00e1jaj\u00fa do r\u00f4znych n\u00e1rodn\u00fdch \u010di nadn\u00e1rodn\u00fdch kongreg\u00e1cii. Okrem toho, na konci 18 st. za\u010dalo v\u00a0Eur\u00f3pe intenz\u00edvne ru\u0161enie r\u00e1dov v\u0161etk\u00fdmi vl\u00e1dami, bez rozdielu na to, \u010di tieto vl\u00e1dy mali nie\u010do spolo\u010dn\u00e9 s\u00a0duchom franc\u00fazskej revol\u00facie. Tieto akcie sa nevyhli ani benedikt\u00ednom. Kde v\u0161ak miestna proticirkevn\u00e1 politika zlyhala, tam sa po rokoch jednotliv\u00e9 r\u00e1dy znova obrodzovali, \u010di u\u017e na z\u00e1klade star\u00fdch p\u00f4vodn\u00fdch bratov, alebo pri\u0161li mn\u00edsi z\u00a0in\u00fdch kraj\u00edn, kde boli po\u010detnej\u0161ie stavy, alebo v\u010faka skupink\u00e1m nad\u0161encov, ktor\u00ed jednotliv\u00e9 r\u00e1dy doslova vzkriesili takmer z\u00a0ni\u010doho. V\u00a0roku 1833 bolo vo Franc\u00fazsku obnoven\u00e9 starod\u00e1vne op\u00e1tstvo Solesmes, ktor\u00e9 bolo zru\u0161en\u00e9 e\u0161te po\u010das revol\u00facie. Op\u00e1tstvo vzkriesil diec\u00e9zny k\u0148az Prosper Gu\u00e9ranger, ktor\u00e9ho \u010dinnos\u0165 viedla k\u00a0r\u00fdchlemu vzniku celej kl\u00e1\u0161tornej kongreg\u00e1cie. O\u00a0tridsa\u0165 rokov nesk\u00f4r sa situ\u00e1cia zopakovala v\u00a0Nemecku. V\u00a0roku 1863 dvaja bratia Wolterovi &#8211; diec\u00e9zni k\u0148azi\u00a0 &#8211; prijali r\u00e1dove men\u00e1 Maurus a\u00a0Placidus a\u00a0s\u00a0v\u00fdraznou podporou p\u00e1pe\u017ea Pia IX. sa usadili v\u00a0starom opustenom kl\u00e1\u0161tore augustini\u00e1nov v\u00a0Beurone. Benedikt\u00ednske mn\u00ed\u0161stvo bolo na prelome 19. a\u00a020 st. pr\u00e1ve pod vplyvom t\u00fdchto dvoch kongreg\u00e1cii \u2013 beuronskej a\u00a0solesmes.\u00a0 Mn\u00edch Hildebrand de Hemptine t\u00fa\u017eil po svojom vstupe do Beuronu, roz\u0161\u00edri\u0165 tamoj\u0161\u00edch benedikt\u00ednov do Belgicka \u2013 Maredsous. Toto op\u00e1tstvo nav\u0161t\u00edvil Marmion, ke\u010f sa vracal z\u00a0R\u00edma sp\u00e4\u0165 do \u00cdrska. Nemohol tam bez dovolenia svojho ordin\u00e1ra zosta\u0165, ale ohl\u00e1sil op\u00e1tovi svoju kandidat\u00faru a\u00a0odi\u0161iel do \u00cdrska. Arcibiskup mu\u00a0ur\u010dil \u00a0farnos\u0165 v\u00a0Dundrum\u00a0 na juhu Dublinu. Po roku bol menovan\u00fd za profesora metafyziky v\u00a0diec\u00e9znom semin\u00e1ri Clonliffe v\u00a0Dubline kde predt\u00fdm \u0161tudoval. Okrem filozofie m\u00e1val predn\u00e1\u0161ky aj z\u00a0gr\u00e9\u010dtiny a\u00a0franc\u00faz\u0161tiny. V\u0161etky povinnosti, od pr\u00edpravy predn\u00e1\u0161ok, cez pastor\u00e1ciu, harmonizovali s\u00a0prehlbovan\u00edm jeho intelektu\u00e1lneho \u017eivota rovnako ako i\u00a0\u017eivota modlitby. St\u00e1le sa v\u0161ak v\u00a0\u0148om oz\u00fdval hlas, ktor\u00fd ho volal do kl\u00e1\u0161tora. Posledn\u00e1 z\u00a0vec\u00ed, ktor\u00fa pred svojim odchodom urobil, bola p\u00fa\u0165 na ostrov Iona \u2013 \u0161k\u00f3tsky ostrov\u010dek, na ktorom v\u00a06 st. \u017eil a\u00a0zomrel sv. Columba, \u00edrsky princ a\u00a0apo\u0161tol \u0161k\u00f3tska. D\u0148a 25. okt\u00f3bra 1886 bol ofici\u00e1lne prepusten\u00fd z\u00a0diec\u00e9zy. 21 novembra 1886 bol prijat\u00fd do postul\u00e1tu a\u00a0od tej doby a\u017e do konca \u017eivota mal Marmion b\u00fdva\u0165 v\u00a0Belgicku. Po nieko\u013ek\u00fdch mesiacov postul\u00e1tu, vo febru\u00e1ri 1887 dostal habit novica a\u00a0r\u00e1dove meno Columba. 10 febru\u00e1ra 1888 zlo\u017eil do\u010dasn\u00e9 s\u013euby. Nesk\u00f4r s\u00e1m povie, \u017ee sa pri tom c\u00edtil ako keby si vbil klinec do vlastnej rakvy. Ten druh\u00fd pridal op\u00e1t Placidus, ke\u010f mu ve\u010der ozn\u00e1mil: tvoje s\u013euby (profesa) ma zarm\u00fatili. No Marmion si bol\u00a0 vedom\u00fd, \u017ee tam pri\u0161iel kv\u00f4li Bohu a\u00a0na z\u00e1klade Bo\u017eieho volania. V\u00a0roku 1888 bol posv\u00e4ten\u00fd kl\u00e1\u0161torn\u00fd kostol a\u00a0v\u00a0tom istom roku p\u00e1pe\u017e Lev XIII. zalo\u017eil pre benedikt\u00ednov zvl\u00e1\u0161tny \u0161tudijn\u00fd \u00fastav v\u00a0R\u00edme. Tak boli dan\u00e9 po\u010diatky Kol\u00e9gia sv. Anzelma a\u00a0z\u00e1rove\u0148 prv\u00e9 prejavy nadch\u00e1dzaj\u00faceho zlomu v\u00a0hist\u00f3rii r\u00e1du. V\u00a0tom istom roku op\u00e1t Placidus rozhodol, \u017ee mn\u00edsi z\u00a0kl\u00e1\u0161tora Maredsous nebud\u00fa posielan\u00ed na \u0161t\u00fadia do nemeck\u00fdch kongreg\u00e1cii, ale bude pre nich zalo\u017een\u00e9 kol\u00e9gium pri katol\u00edckej univerzite v\u00a0Lovani. Columba\u00a0 sa stal pomocn\u00edkom novicmajstra. Po zlo\u017een\u00ed ve\u010dn\u00fdch s\u013eubov mu okrem poslania novicmajstra boli zveren\u00e9 aj hodiny angli\u010dtiny a\u00a0vychov\u00e1vate\u013estvo v\u00a0kl\u00e1\u0161tornej \u0161kole.\u00a0 Okrem toho ho \u201en\u00e1hodou\u201c poslal prior kl\u00e1\u0161tora do jednej farnosti k\u00e1za\u0165 v\u00a0obdob\u00ed ve\u013ek\u00e9ho p\u00f4stu, nako\u013eko u\u017e v\u0161etci mn\u00edsi boli rozdelen\u00ed k\u00e1zan\u00edm po jednotliv\u00fdch farnostiach a\u00a0do bl\u00edzkej farnosti Graux nemal kto \u00eds\u0165, tak prior tam poslal cudzinca \u2013 Columba &#8211;\u00a0 ktor\u00e9mu e\u0161te franc\u00faz\u0161tina ve\u013emi nejde a\u00a0zrejeme sa aj tak nehod\u00ed k\u00a0ni\u010domu. No ke\u010f sa po troch d\u0148och vr\u00e1til aj z\u00a0miestnym far\u00e1rom do kl\u00e1\u0161tora, far\u00e1rovi nesta\u010dili slov\u00e1, aby vyjadril svoje nad\u0161enie: tak\u00e9ho strhuj\u00faceho re\u010dn\u00edka ako je otec \u00cdr sme tu e\u0161te nepo\u010duli. Od tej chv\u00edle sa Columba stal \u017eiadan\u00fdm kazate\u013eom pre cel\u00e9 okolie. V\u00a0roku 1899 bol \u010diasto\u010dne dokon\u010den\u00fd nov\u00fd kl\u00e1\u0161tor v\u00a0Lovani a\u00a0bolo do neha treba vysla\u0165 dostato\u010dne ve\u013ek\u00fa skupinu mn\u00edchov, aby za\u010dal norm\u00e1lny liturgick\u00fd a\u00a0komunitn\u00fd \u017eivot. Columba sa stal priorom nov\u00e9ho kl\u00e1\u0161tora. Jeho povinnosti v\u00a0Lovani (Leuven, Louvain) boli ve\u013emi po\u010detn\u00e9. Na univerzite predn\u00e1\u0161al dogmatick\u00fa teol\u00f3giu, stal sa spovedn\u00edkom bos\u00fdch karmelit\u00e1nok, prefektom klerikov, ktor\u00ed tam \u0161tudovali a\u00a0bol vyh\u013ead\u00e1van\u00fd ako duchovn\u00fd vodca a\u00a0vyh\u013ead\u00e1van\u00fd kazate\u013e. Za\u010dal sa u\u00a0neho spoveda\u0165 aj p\u00e1ter Mercier, rektor filozofick\u00e9ho kol\u00e9gia. Obaja sa spriatelili a\u00a0rektor fascinovan\u00fd benedikt\u00ednskou spiritualitou za\u010dal uva\u017eova\u0165, \u017eeby sa stal mn\u00edchom. V\u0161etko sa vyrie\u0161ilo menovan\u00edm p\u00e1tra Merciera za biskupa a\u00a0nesk\u00f4r kardin\u00e1la. P\u00e1pe\u017e Pius X. povolal Columba k\u00a0ne\u013eahkej \u00falohe, rie\u0161i\u0165 \u0165a\u017ek\u00e9 a\u00a0delik\u00e1tne probl\u00e9my, ktor\u00e9 sa objavovali v\u00a0Cirkvi, najm\u00e4 ot\u00e1zku modernizmu. Okrem slu\u017eby p\u00e1pe\u017eovi a\u00a0t\u00fdm celej Cirkvi bol \u017eiadan\u00fdm kazate\u013eom na rekolekcie v\u00a0Anglicku, \u00cdrsku, Belgicku a\u00a0Franc\u00fazsku. Op\u00e1t Hildebrand, ktor\u00fd organizoval benedikt\u00ednsky \u017eivot v\u00a0Maredsous i\u00a0v\u00a0kol\u00e9giu sv. Anzelma v\u00a0R\u00edme mal zosta\u0165 pr\u00edmasom konfeder\u00e1cie, ale potreboval niekoho na miesto op\u00e1ta v\u00a0Belgickom Maredsous. Po op\u00fdtan\u00ed sa na n\u00e1zor maredsouske komunity us\u00fadil, \u017ee jedin\u00fdm prav\u00fdm kandid\u00e1tom bude otec Columba. Komunita potrebovala po dlhom obdob\u00ed vl\u00e1dy op\u00e1ta organiz\u00e1tora, ve\u013emi \u010dasto nepr\u00edtomn\u00e9ho, op\u00e1ta a\u00a0duchovn\u00e9ho majstra, ktor\u00fd bude st\u00e1le pr\u00edtomn\u00fd. Vo\u013eba nov\u00e9ho op\u00e1ta mala prebehn\u00fa\u0165 na konci septembra po rekolekci\u00e1ch cel\u00e9ho spolo\u010denstv\u00e1. Hildebrand chcel, aby rekolekcie viedol Columba, ktor\u00fd sa po ich skon\u010den\u00ed ihne\u010f vr\u00e1til sp\u00e4\u0165 do Lovain. Vo\u013ebu nov\u00e9ho op\u00e1ta viedol predseda kongreg\u00e1cie, arciopat z\u00a0Beuronu Ildefons Schober. 28. septembra \u0161es\u0165desia\u0165 \u0161es\u0165 mn\u00edchov zvolilo v\u00a0druhom kole za op\u00e1ta Columbu Marmiona. Na sviatok sv. Michala archanjela bol uveden\u00fd do \u00faradu. Nebol tak\u00fd zru\u010dn\u00fd organiz\u00e1tor ako jeho predchodcovia, no vynikal na inom poli starostlivosti o\u00a0jemu zveren\u00e9 du\u0161e. Komunita, ktor\u00fa preberal mala v\u00a0tom \u010dase 130 mn\u00edchov a\u00a0po\u010das prvej svetovej vojny po\u010det vzr\u00e1stol na 150. Usiloval sa o\u00a0vybudovanie novej kongreg\u00e1cie v\u00a0Belgicku, ktor\u00e1 by zdru\u017eovala kl\u00e1\u0161tory na \u00fazem\u00ed tejto krajiny. Bolo v\u0161ak potrebn\u00e9 vypracova\u0165 kon\u0161tit\u00facie a\u00a0deklar\u00e1cie, ktor\u00e9 vych\u00e1dzali z\u00a0Reguly ale reflektovali konkr\u00e9tne \u00falohy, zvyklosti a\u00a0okolnosti \u017eivota komunity v\u00a0Belgicku.\u00a0 Dvadsiateho febru\u00e1ra 1920 p\u00e1pe\u017e Benedikt XV. Zalo\u017eil belgick\u00fa kongreg\u00e1ciu zasv\u00e4ten\u00fa Zvestovaniu Blahoslavenej Panne M\u00e1rii. D\u0148a 30. janu\u00e1ra 1923 Columba zomrel vo veku 64 rokov. 36 rokov pre\u017eil v\u00a0kl\u00e1\u0161tore, op\u00e1tom bol 13 rokov. Columba bol jedn\u00fdm z\u00a0najob\u013e\u00fabenej\u0161\u00edch a\u00a0najvplyvnej\u0161\u00edch duchovn\u00fdch autorov 20 storo\u010dia. Posluch\u00e1\u010di jeho pr\u00edhovorov a\u00a0rekolekci\u00ed sp\u00edsali jeho \u00favahy do mnoh\u00fdch diel, ktor\u00e9 vy\u0161li v\u00a0mnoh\u00fdch jazykoch. D\u0148a 3. septembra roku 2000 bol p\u00e1pe\u017eom J\u00e1nom Pavlom II. vyhl\u00e1sen\u00fd za blahoslaven\u00e9ho.<\/p>\n\n\n\n<p>M\u00e1 tak podiel aj na znovuzroden\u00ed a&nbsp;obnoven\u00ed mn\u00ed\u0161sk\u00e9ho \u017eivota na Slovensku, nako\u013eko 30. j\u00fala 1939 sa uskuto\u010dnil sl\u00e1vnostn\u00fd n\u00e1vrat benedikt\u00ednov do Tynca pri Krakove, ktor\u00ed tam pri\u0161li pr\u00e1ve z&nbsp;belgick\u00fdch komun\u00edt v&nbsp;Maredsous a&nbsp;Lovain.&nbsp; Vtedaj\u0161\u00ed krakovsk\u00fd metropolita arcibiskup Adam \u0160tefan Sapieha si bol vedom\u00fd ve\u013ek\u00e9ho pr\u00ednosu n\u00e1vratu mn\u00ed\u0161skeho \u017eivota do di\u00e9cezy, ktor\u00fd priniesli benedikt\u00edni. Nech blahoslaven\u00fd Columba Marmion svoj\u00edm orodovan\u00edm vypros\u00ed \u010fal\u0161ie&nbsp; benedikt\u00ednske povolania \u010di u\u017e do mn\u00ed\u0161skej komunity alebo do komunity \u013eud\u00ed \u017eij\u00facich vo svete, ktor\u00ed sa sna\u017eia opravdivo h\u013eada\u0165 Boha.<\/p>\n\n\n\n<p>(Spracovan\u00e9 pod\u013ea knihy Kristus, \u017eivot Marmionuv od Malgorzaty Borkowskej OSB, 20. j\u00fala 2021, na sviatok sv. Bernarda, op\u00e1ta a&nbsp;u\u010dite\u013ea Cirkvi) <a><\/a><\/p>\n","protected":false},"excerpt":{"rendered":"<p>Obl\u00e1t Miroslav Columba sa narodil 1.4.1858 v\u00a0Dubline v\u00a0\u00cdrsku do ve\u013ekej a\u00a0zbo\u017enej rodiny. Bol pokrsten\u00fd ako Jozef Alojz. Tri z\u00a0jeho sestier zasv\u00e4tili svoj \u017eivot Kristovi ako mn\u00ed\u0161ky v\u00a0kl\u00e1\u0161tore Milosrdenstva v\u00a0Clonakilty na ju\u017enom pobre\u017e\u00ed ostrova. \u00a0Spo\u010diatku chodil do najbli\u017e\u0161ej \u0161koly ktor\u00fa viedli augustini\u00e1ni. V roku 1869, ke\u010f za\u010dal Prv\u00fd vatik\u00e1nsky koncil vst\u00fapil do gymn\u00e1zia\u00a0 v\u00a0jezuitskom kol\u00e9giu Belvedere [&hellip;]<\/p>\n","protected":false},"author":2,"featured_media":0,"comment_status":"closed","ping_status":"closed","sticky":false,"template":"","format":"standard","meta":{"footnotes":""},"categories":[3],"tags":[],"class_list":["post-785","post","type-post","status-publish","format-standard","hentry","category-aktuality"],"_links":{"self":[{"href":"https:\/\/oblati.benediktini.sk\/index.php?rest_route=\/wp\/v2\/posts\/785","targetHints":{"allow":["GET"]}}],"collection":[{"href":"https:\/\/oblati.benediktini.sk\/index.php?rest_route=\/wp\/v2\/posts"}],"about":[{"href":"https:\/\/oblati.benediktini.sk\/index.php?rest_route=\/wp\/v2\/types\/post"}],"author":[{"embeddable":true,"href":"https:\/\/oblati.benediktini.sk\/index.php?rest_route=\/wp\/v2\/users\/2"}],"replies":[{"embeddable":true,"href":"https:\/\/oblati.benediktini.sk\/index.php?rest_route=%2Fwp%2Fv2%2Fcomments&post=785"}],"version-history":[{"count":1,"href":"https:\/\/oblati.benediktini.sk\/index.php?rest_route=\/wp\/v2\/posts\/785\/revisions"}],"predecessor-version":[{"id":786,"href":"https:\/\/oblati.benediktini.sk\/index.php?rest_route=\/wp\/v2\/posts\/785\/revisions\/786"}],"wp:attachment":[{"href":"https:\/\/oblati.benediktini.sk\/index.php?rest_route=%2Fwp%2Fv2%2Fmedia&parent=785"}],"wp:term":[{"taxonomy":"category","embeddable":true,"href":"https:\/\/oblati.benediktini.sk\/index.php?rest_route=%2Fwp%2Fv2%2Fcategories&post=785"},{"taxonomy":"post_tag","embeddable":true,"href":"https:\/\/oblati.benediktini.sk\/index.php?rest_route=%2Fwp%2Fv2%2Ftags&post=785"}],"curies":[{"name":"wp","href":"https:\/\/api.w.org\/{rel}","templated":true}]}}