{"id":742,"date":"2021-03-22T11:18:51","date_gmt":"2021-03-22T09:18:51","guid":{"rendered":"https:\/\/oblati.benediktini.sk\/?p=742"},"modified":"2021-03-22T13:30:28","modified_gmt":"2021-03-22T11:30:28","slug":"sv-frantiska-rimska-patronka-oblatov-sv-benedikta","status":"publish","type":"post","link":"https:\/\/oblati.benediktini.sk\/?p=742","title":{"rendered":"Sv. Franti\u0161ka R\u00edmska &#8211; patr\u00f3nka obl\u00e1tov sv. Benedikta"},"content":{"rendered":"\n<p><strong>Obl\u00e1ti: Lenka a Miroslav Jozefiakovci<\/strong><\/p>\n\n\n\n<p>9. marca je v&nbsp;liturgickom kalend\u00e1ri spomienka na sv. Franti\u0161ku R\u00edmsku. Narodila v&nbsp;R\u00edme v&nbsp;roku 1384. Ako mlad\u00e1 sa vydala za \u0161\u013eachtica Lorenza de Ponziani. Narodili sa im tri deti. Ako man\u017eelka a&nbsp;matka bola ve\u013emi starostliv\u00e1, l\u00e1skav\u00e1 a&nbsp;svoje deti viedla k&nbsp;n\u00e1bo\u017en\u00e9mu \u017eivotu. No nielen deti, ale aj slu\u017eobn\u00edctvo.&nbsp; Franti\u0161ku si v\u0161imli aj in\u00e9 \u0161\u013eachti\u010dn\u00e9 v&nbsp;R\u00edme a&nbsp;za\u010dali ju nasledova\u0165. Boli zodpovednej\u0161ie vo svojich povinnostiach a nezakladali si a\u017e tak na pozemskom lesku. Na Franti\u0161ku Boh dopustil aj kr\u00ed\u017ee. Zomrel jej syn a potom aj dc\u00e9ra. Ke\u010f neapolsk\u00fd kr\u00e1\u013e drancoval R\u00edm, jej druh\u00e9ho syna odvliekol ako rukojemn\u00edka a&nbsp;man\u017eela, ktor\u00fd bol \u0165a\u017eko ranen\u00fd poslal do vyhnanstva. Franti\u0161ka pom\u00e1hala, kde vedela. O\u0161etrovala ranen\u00fdch, nav\u0161tevovala chor\u00fdch, zabezpe\u010dovala lieky, volala lek\u00e1rov, modlievala sa za umieraj\u00facich a hladn\u00fdm d\u00e1vala jedlo. Ke\u010f u\u017e nemala z \u010doho d\u00e1va\u0165, i\u0161la po \u017eobran\u00ed. Po \u010dase nastal v R\u00edme pokoj, Franti\u0161ke sa vr\u00e1til man\u017eel aj syn.&nbsp; V roku 1425, po n\u00e1vrate z p\u00fate do Assisi, zalo\u017eila n\u00e1bo\u017en\u00fa dru\u017einu vzne\u0161en\u00fdch pan\u00ed a diev\u010dat. \u010clenky b\u00fdvali na\u010falej vo svojich rodin\u00e1ch, ale zachov\u00e1vali benedikt\u00ednske pravidl\u00e1.&nbsp; Zriekli sa n\u00e1dhery v oble\u010den\u00ed, prepychu, hlu\u010dn\u00fdch z\u00e1bav a sna\u017eili sa o kres\u0165ansk\u00fa dokonalos\u0165. Zomrela 9. marca 1440.&nbsp; Okrem sv. Franti\u0161ky R\u00edmskej, benedikt\u00ednnskymi obl\u00e1tmi boli aj sv Tom\u00e1\u0161 Akvinsk\u00fd, sv. Tom\u00e1\u0161 Becket, sv. Oliver Plunkett, Elena Cornaro Piscopia, Joris \u2013 Karl Huysmans, Dorothy Day, Raissa a Jacques Maritain, Walker Percy, prof. Anna Swiderkowna, Joseph Ratzinger \u2013 Benedikt XVI.<\/p>\n\n\n\n<!--more-->\n\n\n\n<p>Evanjelium n\u00e1m hovor\u00ed o&nbsp;mladom mu\u017eovi, ktor\u00fd zachov\u00e1val v\u0161etky prik\u00e1zania. Tento mu\u017e pri\u0161iel k&nbsp;Je\u017ei\u0161ovi s&nbsp;ot\u00e1zkou, \u010do dobr\u00e9 m\u00e1 robi\u0165 naviac, aby dosiahol ve\u010dn\u00fd \u017eivot. A&nbsp;Je\u017ei\u0161 mu d\u00e1va odpove\u010f (Mt 19,21). Je zrejm\u00e9, \u017ee v\u00e4\u010d\u0161ina kres\u0165anov sa v&nbsp;skuto\u010dnosti&nbsp; nem\u00f4\u017ee takto radik\u00e1lne oddeli\u0165 od sveta, v&nbsp;ktorom \u017eij\u00fa. Mnoh\u00ed z&nbsp;nich maj\u00fa vr\u00facnu t\u00fa\u017ebu po dokonalej\u0161om nasledovan\u00ed Krista. Radi by nielen zachov\u00e1vali Bo\u017eie a&nbsp;cirkevn\u00e9 prik\u00e1zania, ale nasledovali i&nbsp;Kristove evanjeliov\u00e9 rady. Ich \u017eivotn\u00fd stav a&nbsp;okolnosti im v\u0161ak neumo\u017e\u0148uj\u00fa od\u00eds\u0165 do kl\u00e1\u0161tora. Pre tak\u00fdchto existuje mo\u017enos\u0165 \u017ei\u0165 duchom mn\u00ed\u0161skeho spolo\u010denstva vo svete. T\u00fa\u017eba po dokonalej\u0161om kres\u0165anskom \u017eivote a&nbsp;poznanie, \u017ee je&nbsp; mo\u017en\u00fd sp\u00f4sob spojenia s&nbsp;mn\u00ed\u0161skym spolo\u010denstvom bolo in\u0161pir\u00e1ciou ku vzniku obl\u00e1tov sv. Benedikta.<\/p>\n\n\n\n<p>Zo \u017eivota sv. Benedikta, ako n\u00e1m o&nbsp;\u0148om hovor\u00ed sv. Gregor Ve\u013ek\u00fd je zrejme, \u017ee obl\u00e1ti boli na\u0161im sv\u00e4t\u00fdm otcov prij\u00edman\u00ed u\u017e na Subiacu e\u0161te pred zalo\u017een\u00edm kl\u00e1\u0161tora na Monte Cassinu. Zrejme v\u0161ak i\u0161lo len o&nbsp;mal\u00fdch chlapcov, ktor\u00ed boli svojimi rodi\u010dmi pon\u00faknut\u00ed \u010di obetovan\u00ed (oblatus znamen\u00e1 ten, ktor\u00fd je obetovan\u00fd, poskytnut\u00fd) k&nbsp;v\u00fdchove k&nbsp;mn\u00ed\u0161skemu \u017eivotu. Toto obl\u00e1tske prijatie chlapcov je op\u00edsan\u00e9 v&nbsp;59. kapitole Reguly sv. Benedikta. No pod\u013ea textu sv. Gregora m\u00f4\u017eeme usudzova\u0165, \u017ee tie\u017e i&nbsp;dospel\u00ed \u017eij\u00faci vo svete sa uch\u00fdlili pod vedenie sv. Benedikta a&nbsp;pr\u00edle\u017eitostne nav\u0161tevovali kl\u00e1\u0161tor pre duchovn\u00e9 rady a&nbsp;sprev\u00e1dzanie.&nbsp; Obl\u00e1t je teda kres\u0165an, ktor\u00fd sa sp\u00e1ja k&nbsp;ur\u010dit\u00e9mu benediktinsk\u00e9mu kl\u00e1\u0161toru za \u00fa\u010delom, aby viedol dokonalej\u0161\u00ed \u017eivot in\u0161pirovan\u00fd Regulou sv. Benedikta, pod\u013ea toho, ako mu to konkr\u00e9tne \u017eivotn\u00e9 okolnosti umo\u017e\u0148uj\u00fa. Cirkev toto spojenie schv\u00e1lila do takej miery, \u017ee obl\u00e1tov pova\u017euje v&nbsp;istom zmysle za duchovn\u00fdch \u010dlenov mn\u00ed\u0161skej rodiny, ktor\u00ed spolo\u010dne zdie\u013eaj\u00fa jej dobr\u00e1, dost\u00e1vaj\u00fa od nej hodnotn\u00e9 impulzy a&nbsp;pomoc pre dokonalej\u0161\u00ed \u017eivot.&nbsp; Obl\u00e1t m\u00e1 \u017eiv\u00e9 vedomie svojho povolania k&nbsp;sv\u00e4tosti a&nbsp;preto v s\u00falade s duchom Reguly si stavia za cie\u013e opravdiv\u00e9 h\u013eadanie Boha. Rob\u00ed to prostredn\u00edctvom benedikt\u00ednskeho \u0161t\u00fdlu \u017eivota, pri\u010dom mu napom\u00e1ha snaha o st\u00e1los\u0165 a vytrvalos\u0165, ako aj poslu\u0161nos\u0165.&nbsp; Obl\u00e1t pova\u017euje Regulu sv. Benedikta za pokladnicu \u017eivotnej m\u00fadrosti. Prostredn\u00edctvom oblat\u00fary vstupuje do \u0161koly P\u00e1novej slu\u017eby, \u010d\u00edm si m\u00e1 uvedomova\u0165, \u017ee t\u00fdmto sp\u00f4sobom m\u00e1 uskuto\u010d\u0148ova\u0165 ide\u00e1l sv\u00e4tosti. V&nbsp;tejto \u0161kole P\u00e1novej slu\u017eby obl\u00e1tom pom\u00e1haj\u00fa stretnutia, ktor\u00e9 sa konaj\u00fa ka\u017ed\u00fd mesiac v&nbsp;benedikt\u00ednskom kl\u00e1\u0161tore v&nbsp;Sampore pod veden\u00edm prefekta obl\u00e1tov o. Jozefa Brod\u0148ansk\u00e9ho, OSB ako i&nbsp;ostatn\u00fdch mn\u00edchov delegovan\u00fdch na t\u00fato slu\u017ebu. Stretnutia sa riadia vopred stanoven\u00fdm poriadkom a&nbsp;zvy\u010dajne s\u00fa rozdelen\u00e9 na dva bloky &#8211; modlitba a&nbsp;pr\u00e1ca. Tvorba a \u00fa\u010das\u0165 na spolo\u010dn\u00fdch stretnutiach nie je povinnos\u0165ou, ale pr\u00eds\u013eubom pre <strong>\u010cas<\/strong>, ktor\u00fd prij\u00edmame ako dar, a ako dar si ho aj d\u00e1vame. Cel\u00e9 \u017eivotn\u00e9 konanie obl\u00e1ta sa riadi slovami Sv\u00e4t\u00e9ho P\u00edsma: aby bol vo v\u0161etkom osl\u00e1ven\u00fd Boh (1 Pt 4,11).<\/p>\n\n\n\n<p>Lenka a Miroslav Jozefiakovci, obl\u00e1ti sv. Benedikta<\/p>\n\n\n\n<figure class=\"wp-block-image size-large\"><a href=\"https:\/\/oblati.benediktini.sk\/wp-content\/uploads\/2021\/03\/IMG_20200829_162614_1-scaled.jpg\" data-rel=\"lightbox-image-0\" data-rl_title=\"\" data-rl_caption=\"\" title=\"\"><img loading=\"lazy\" decoding=\"async\" width=\"1024\" height=\"766\" src=\"https:\/\/oblati.benediktini.sk\/wp-content\/uploads\/2021\/03\/IMG_20200829_162614_1-1024x766.jpg\" alt=\"\" class=\"wp-image-748\" srcset=\"https:\/\/oblati.benediktini.sk\/wp-content\/uploads\/2021\/03\/IMG_20200829_162614_1-1024x766.jpg 1024w, https:\/\/oblati.benediktini.sk\/wp-content\/uploads\/2021\/03\/IMG_20200829_162614_1-300x224.jpg 300w, https:\/\/oblati.benediktini.sk\/wp-content\/uploads\/2021\/03\/IMG_20200829_162614_1-768x574.jpg 768w, https:\/\/oblati.benediktini.sk\/wp-content\/uploads\/2021\/03\/IMG_20200829_162614_1-1536x1149.jpg 1536w, https:\/\/oblati.benediktini.sk\/wp-content\/uploads\/2021\/03\/IMG_20200829_162614_1-2048x1532.jpg 2048w\" sizes=\"auto, (max-width: 1024px) 100vw, 1024px\" \/><\/a><\/figure>\n","protected":false},"excerpt":{"rendered":"<p>Obl\u00e1ti: Lenka a Miroslav Jozefiakovci 9. marca je v&nbsp;liturgickom kalend\u00e1ri spomienka na sv. Franti\u0161ku R\u00edmsku. Narodila v&nbsp;R\u00edme v&nbsp;roku 1384. Ako mlad\u00e1 sa vydala za \u0161\u013eachtica Lorenza de Ponziani. Narodili sa im tri deti. Ako man\u017eelka a&nbsp;matka bola ve\u013emi starostliv\u00e1, l\u00e1skav\u00e1 a&nbsp;svoje deti viedla k&nbsp;n\u00e1bo\u017en\u00e9mu \u017eivotu. No nielen deti, ale aj slu\u017eobn\u00edctvo.&nbsp; Franti\u0161ku si v\u0161imli aj [&hellip;]<\/p>\n","protected":false},"author":2,"featured_media":0,"comment_status":"closed","ping_status":"open","sticky":false,"template":"","format":"standard","meta":{"footnotes":""},"categories":[3],"tags":[],"class_list":["post-742","post","type-post","status-publish","format-standard","hentry","category-aktuality"],"_links":{"self":[{"href":"https:\/\/oblati.benediktini.sk\/index.php?rest_route=\/wp\/v2\/posts\/742","targetHints":{"allow":["GET"]}}],"collection":[{"href":"https:\/\/oblati.benediktini.sk\/index.php?rest_route=\/wp\/v2\/posts"}],"about":[{"href":"https:\/\/oblati.benediktini.sk\/index.php?rest_route=\/wp\/v2\/types\/post"}],"author":[{"embeddable":true,"href":"https:\/\/oblati.benediktini.sk\/index.php?rest_route=\/wp\/v2\/users\/2"}],"replies":[{"embeddable":true,"href":"https:\/\/oblati.benediktini.sk\/index.php?rest_route=%2Fwp%2Fv2%2Fcomments&post=742"}],"version-history":[{"count":4,"href":"https:\/\/oblati.benediktini.sk\/index.php?rest_route=\/wp\/v2\/posts\/742\/revisions"}],"predecessor-version":[{"id":749,"href":"https:\/\/oblati.benediktini.sk\/index.php?rest_route=\/wp\/v2\/posts\/742\/revisions\/749"}],"wp:attachment":[{"href":"https:\/\/oblati.benediktini.sk\/index.php?rest_route=%2Fwp%2Fv2%2Fmedia&parent=742"}],"wp:term":[{"taxonomy":"category","embeddable":true,"href":"https:\/\/oblati.benediktini.sk\/index.php?rest_route=%2Fwp%2Fv2%2Fcategories&post=742"},{"taxonomy":"post_tag","embeddable":true,"href":"https:\/\/oblati.benediktini.sk\/index.php?rest_route=%2Fwp%2Fv2%2Ftags&post=742"}],"curies":[{"name":"wp","href":"https:\/\/api.w.org\/{rel}","templated":true}]}}