{"id":71,"date":"2015-01-04T14:15:58","date_gmt":"2015-01-04T12:15:58","guid":{"rendered":"http:\/\/oblati.benediktini.sk\/?p=71"},"modified":"2015-02-28T22:01:01","modified_gmt":"2015-02-28T20:01:01","slug":"turzovka-2013","status":"publish","type":"post","link":"https:\/\/oblati.benediktini.sk\/?p=71","title":{"rendered":"Turzovka 2013"},"content":{"rendered":"<figure id=\"attachment_72\" aria-describedby=\"caption-attachment-72\" style=\"width: 164px\" class=\"wp-caption alignright\"><a href=\"http:\/\/oblati.benediktini.sk\/wp-content\/uploads\/2014\/12\/IMAG0381.jpg\" data-rel=\"lightbox-image-0\" data-rl_title=\"\" data-rl_caption=\"\" title=\"\"><img loading=\"lazy\" decoding=\"async\" class=\"wp-image-72 \" src=\"http:\/\/oblati.benediktini.sk\/wp-content\/uploads\/2014\/12\/IMAG0381-179x300.jpg\" alt=\"IMAG0381\" width=\"164\" height=\"275\" srcset=\"https:\/\/oblati.benediktini.sk\/wp-content\/uploads\/2014\/12\/IMAG0381-179x300.jpg 179w, https:\/\/oblati.benediktini.sk\/wp-content\/uploads\/2014\/12\/IMAG0381-613x1024.jpg 613w, https:\/\/oblati.benediktini.sk\/wp-content\/uploads\/2014\/12\/IMAG0381.jpg 1552w\" sizes=\"auto, (max-width: 164px) 100vw, 164px\" \/><\/a><figcaption id=\"caption-attachment-72\" class=\"wp-caption-text\">Iva Bittov\u00e1<\/figcaption><\/figure>\n<p style=\"text-align: justify;\">Kor\u0148a, \u010das\u0165 Turzovky, bola miestom prv\u00e9ho stretnutia obl\u00e1tov mimo kl\u00e1\u0161tora. Uskuto\u010dnilo sa 19. -21. septembra 2013 a malo program duchovn\u00fd, spolo\u010densk\u00fd a kult\u00farny. Najsk\u00f4r sme sa z\u00fa\u010dastnili koncertu Ivy Bitovej v evanjelickom chr\u00e1me v Banskej Bystrici, kde sme mali mo\u017enos\u0165 za\u017ei\u0165 neoby\u010dajn\u00fa atmosf\u00e9ru medzin\u00e1rodne uzn\u00e1van\u00e9ho diela Vladim\u00edra God\u00e1ra, Mater. Nocou sme sa presunuli do chal\u00fapky pod lipami, ktor\u00fa poskytla n\u00e1\u0161mu spolo\u010denstvu obl\u00e1tka Dagmar.<\/p>\n<p style=\"text-align: justify;\">Obklopen\u00ed Bo\u017eou pr\u00edrodou, vz\u00e1cnym tichom, sme sa vyspali do pekn\u00e9ho r\u00e1na. Len vt\u00e1\u010dat\u00e1 a o. Jozef n\u00e1s predbehli v chv\u00e1len\u00ed r\u00e1na. Po ra\u0148ajk\u00e1ch sme putovali na vrch \u017div\u010d\u00e1kov\u00e1 za Pannou M\u00e1riou, u ktorej v\u017edy nach\u00e1dzame istotu a d\u00f4veru. Z\u00fa\u010dastnili sme sa sv\u00e4tej om\u0161e, ktor\u00fa celebrovali miestni p\u00e1tri a o. Jozef.<\/p>\n<p style=\"text-align: justify;\"><!--more--><\/p>\n<p style=\"text-align: justify;\"><a href=\"http:\/\/oblati.benediktini.sk\/wp-content\/uploads\/2014\/12\/IMAG0182.jpg\" data-rel=\"lightbox-image-1\" data-rl_title=\"\" data-rl_caption=\"\" title=\"\"><img loading=\"lazy\" decoding=\"async\" class=\"alignnone  wp-image-73\" src=\"http:\/\/oblati.benediktini.sk\/wp-content\/uploads\/2014\/12\/IMAG0182-300x179.jpg\" alt=\"IMAG0182\" width=\"469\" height=\"280\" srcset=\"https:\/\/oblati.benediktini.sk\/wp-content\/uploads\/2014\/12\/IMAG0182-300x179.jpg 300w, https:\/\/oblati.benediktini.sk\/wp-content\/uploads\/2014\/12\/IMAG0182-1024x613.jpg 1024w\" sizes=\"auto, (max-width: 469px) 100vw, 469px\" \/><\/a><\/p>\n<p style=\"text-align: justify;\"><a href=\"http:\/\/oblati.benediktini.sk\/wp-content\/uploads\/2014\/12\/IMAG0169.jpg\" data-rel=\"lightbox-image-2\" data-rl_title=\"\" data-rl_caption=\"\" title=\"\"><img loading=\"lazy\" decoding=\"async\" class=\"alignnone  wp-image-74\" src=\"http:\/\/oblati.benediktini.sk\/wp-content\/uploads\/2014\/12\/IMAG0169-300x179.jpg\" alt=\"IMAG0169\" width=\"216\" height=\"129\" srcset=\"https:\/\/oblati.benediktini.sk\/wp-content\/uploads\/2014\/12\/IMAG0169-300x179.jpg 300w, https:\/\/oblati.benediktini.sk\/wp-content\/uploads\/2014\/12\/IMAG0169-1024x613.jpg 1024w\" sizes=\"auto, (max-width: 216px) 100vw, 216px\" \/><\/a> \u00a0 \u00a0 \u00a0 \u00a0 \u00a0\u00a0 <a href=\"http:\/\/oblati.benediktini.sk\/wp-content\/uploads\/2014\/12\/IMAG0386.jpg\" data-rel=\"lightbox-image-3\" data-rl_title=\"\" data-rl_caption=\"\" title=\"\"><img loading=\"lazy\" decoding=\"async\" class=\"alignnone  wp-image-75\" src=\"http:\/\/oblati.benediktini.sk\/wp-content\/uploads\/2014\/12\/IMAG0386-300x179.jpg\" alt=\"IMAG0386\" width=\"216\" height=\"129\" srcset=\"https:\/\/oblati.benediktini.sk\/wp-content\/uploads\/2014\/12\/IMAG0386-300x179.jpg 300w, https:\/\/oblati.benediktini.sk\/wp-content\/uploads\/2014\/12\/IMAG0386-1024x613.jpg 1024w\" sizes=\"auto, (max-width: 216px) 100vw, 216px\" \/><\/a><\/p>\n<p>Cestou sp\u00e4\u0165 sme obdivovali kr\u00e1snu pr\u00edrodu, neobi\u0161li sme ani lie\u010div\u00e9 pramene a mali sme mo\u017enos\u0165 individu\u00e1lnych rozhovorov s o. Jozefom, ale aj vz\u00e1jomne medzi sebou.<\/p>\n<p>&nbsp;<\/p>\n","protected":false},"excerpt":{"rendered":"<p>Kor\u0148a, \u010das\u0165 Turzovky, bola miestom prv\u00e9ho stretnutia obl\u00e1tov mimo kl\u00e1\u0161tora. Uskuto\u010dnilo sa 19. -21. septembra 2013 a malo program duchovn\u00fd, spolo\u010densk\u00fd a kult\u00farny. Najsk\u00f4r sme sa z\u00fa\u010dastnili koncertu Ivy Bitovej v evanjelickom chr\u00e1me v Banskej Bystrici, kde sme mali mo\u017enos\u0165 za\u017ei\u0165 neoby\u010dajn\u00fa atmosf\u00e9ru medzin\u00e1rodne uzn\u00e1van\u00e9ho diela Vladim\u00edra God\u00e1ra, Mater. Nocou sme sa presunuli do chal\u00fapky [&hellip;]<\/p>\n","protected":false},"author":2,"featured_media":0,"comment_status":"open","ping_status":"open","sticky":false,"template":"","format":"standard","meta":{"footnotes":""},"categories":[3],"tags":[],"class_list":["post-71","post","type-post","status-publish","format-standard","hentry","category-aktuality"],"_links":{"self":[{"href":"https:\/\/oblati.benediktini.sk\/index.php?rest_route=\/wp\/v2\/posts\/71","targetHints":{"allow":["GET"]}}],"collection":[{"href":"https:\/\/oblati.benediktini.sk\/index.php?rest_route=\/wp\/v2\/posts"}],"about":[{"href":"https:\/\/oblati.benediktini.sk\/index.php?rest_route=\/wp\/v2\/types\/post"}],"author":[{"embeddable":true,"href":"https:\/\/oblati.benediktini.sk\/index.php?rest_route=\/wp\/v2\/users\/2"}],"replies":[{"embeddable":true,"href":"https:\/\/oblati.benediktini.sk\/index.php?rest_route=%2Fwp%2Fv2%2Fcomments&post=71"}],"version-history":[{"count":7,"href":"https:\/\/oblati.benediktini.sk\/index.php?rest_route=\/wp\/v2\/posts\/71\/revisions"}],"predecessor-version":[{"id":142,"href":"https:\/\/oblati.benediktini.sk\/index.php?rest_route=\/wp\/v2\/posts\/71\/revisions\/142"}],"wp:attachment":[{"href":"https:\/\/oblati.benediktini.sk\/index.php?rest_route=%2Fwp%2Fv2%2Fmedia&parent=71"}],"wp:term":[{"taxonomy":"category","embeddable":true,"href":"https:\/\/oblati.benediktini.sk\/index.php?rest_route=%2Fwp%2Fv2%2Fcategories&post=71"},{"taxonomy":"post_tag","embeddable":true,"href":"https:\/\/oblati.benediktini.sk\/index.php?rest_route=%2Fwp%2Fv2%2Ftags&post=71"}],"curies":[{"name":"wp","href":"https:\/\/api.w.org\/{rel}","templated":true}]}}