{"id":691,"date":"2020-10-15T16:04:28","date_gmt":"2020-10-15T14:04:28","guid":{"rendered":"https:\/\/oblati.benediktini.sk\/?p=691"},"modified":"2021-03-11T17:17:28","modified_gmt":"2021-03-11T15:17:28","slug":"benediktinsky-den-v-zazrivej","status":"publish","type":"post","link":"https:\/\/oblati.benediktini.sk\/?p=691","title":{"rendered":"Benedikt\u00ednsky de\u0148 v Z\u00e1zrivej"},"content":{"rendered":"\n<p><strong>Obl\u00e1ti Lenka a Miro Jozefiak<\/strong><\/p>\n\n\n\n<p>11. j\u00fal 2020 &#8211; sviatok sv. Benedikta, zakladate\u013ea mn\u00ed\u0161skeho r\u00e1du, patr\u00f3na Eur\u00f3py a mocn\u00e9ho orodovn\u00edka a pr\u00edmluvcu v nebi. De\u0148 na\u0161ich sl\u00e1vnostn\u00fdch pr\u00eds\u013eubov, deviatych nov\u00fdch obl\u00e1tov, ktor\u00ed sme sa takto za\u010dlenili do benedikt\u00ednskej rodiny.. Aby sme ju mohli lep\u0161ie spozna\u0165, zorganizovali &#8211; t\u00ed slu\u017eobne star\u0161\u00ed obl\u00e1ti &#8211; stretnutie obl\u00e1tov s mn\u00edchmi. Tento rok to bolo v r\u00e1zovitej dedinke Z\u00e1zriv\u00e1. <\/p>\n\n\n\n<figure class=\"wp-block-image size-large\"><img loading=\"lazy\" decoding=\"async\" width=\"1024\" height=\"680\" src=\"https:\/\/oblati.benediktini.sk\/wp-content\/uploads\/2020\/10\/DSC_0016-1024x680.jpg\" alt=\"\" class=\"wp-image-692\" srcset=\"https:\/\/oblati.benediktini.sk\/wp-content\/uploads\/2020\/10\/DSC_0016-1024x680.jpg 1024w, https:\/\/oblati.benediktini.sk\/wp-content\/uploads\/2020\/10\/DSC_0016-300x199.jpg 300w, https:\/\/oblati.benediktini.sk\/wp-content\/uploads\/2020\/10\/DSC_0016-768x510.jpg 768w, https:\/\/oblati.benediktini.sk\/wp-content\/uploads\/2020\/10\/DSC_0016-1536x1020.jpg 1536w, https:\/\/oblati.benediktini.sk\/wp-content\/uploads\/2020\/10\/DSC_0016-2048x1360.jpg 2048w\" sizes=\"auto, (max-width: 1024px) 100vw, 1024px\" \/><\/figure>\n\n\n\n<p>Tak vybrali sme sa aj my, komplet cel\u00e1 rodina. Z\u00e1zriv\u00e1 nie je a\u017e tak ve\u013emi vzdialen\u00e1 od n\u00e1s a cesta cez les v Oravskej Lesnej t\u00fato vzdialenos\u0165 e\u0161te skr\u00e1tila. \u010das pr\u00edchodu do 10.00 sme stihli. Priv\u00edtali n\u00e1s dom\u00e1ci hostitelia a po kr\u00e1tkom presune \u00e1ut na parkovisku sme vst\u00fapili do priestoru&nbsp;chaty, kde u\u017e sedeli, \u010dakali, debatovali a usmievali sa ostatn\u00ed obl\u00e1ti. Deti hne\u010f zaujali miesta na hojda\u010dk\u00e1ch a trampol\u00edne, no aj napriek snahe dospel\u00fdch a star\u0161\u00edch det\u00ed, jedno die\u0165a vypadlo z trampol\u00edny. Vlastne sa presk\u00e1kalo&nbsp;na zem cez otvor, ktor\u00fd bol v trampol\u00edne. Nestalo sa mu ni\u010d, nako\u013eko&nbsp; prist\u00e1lo na tr\u00e1ve pod trampol\u00ednou. tro\u0161ka pla\u010du aspo\u0148 o\u017eivilo priestory a upozornilo ostatn\u00e9 deti, \u017ee si maj\u00fa d\u00e1va\u0165 v\u00e4\u010d\u0161\u00ed pozor.<\/p>\n\n\n\n<p>O p\u00e1r min\u00fat sa objavila \u010dierna dod\u00e1vka, y ktorej vyst\u00fapili \u010dierni mn\u00edsi &#8211; boli zladen\u00ed. Po pozdravoch a uv\u00edtan\u00ed sme nast\u00fapili do \u00e1ut a \u0161li ku kostolu, kde o 11.00 za\u010d\u00ednala sv. om\u0161a. Bola spojen\u00e1 s modlitbou cez de\u0148 z brevi\u00e1ra. V ten de\u0148 sa sl\u00e1vil sviatok Mu\u010den\u00edckej smrti sv. J\u00e1na Krstite\u013ea. Otec Cypri\u00e1n pre\u010d\u00edtal evanjelium o mu\u010den\u00edckej smrti sv. J\u00e1na. Otec Jozef si v hom\u00edlii pomohol knihou Na pleciach obrov, ktor\u00e1 m\u00e1 na obale v\u00fdsti\u017en\u00fd obr\u00e1zok. Po sv. om\u0161i nasledoval presun na chatu, kde bol \u010das obedu, ktor\u00ed pripravili z\u00e1zrivsk\u00ed kuch\u00e1ri.<\/p>\n\n\n\n<p>Po obede sme sa vyviezli na parkovisko odkia\u013e sme \u0161li pe\u0161o z\u00e1zrivsk\u00fdmi&nbsp;l\u00fakami. Viezli sme sa v tom \u010diernom aute s t\u00fdm \u010diernym mn\u00edchom s malou briadkou., ktor\u00fd to hore kopcom dobre rozbehol. A\u017e tak, \u017ee Mikul\u00e1\u0161 sa prekvapene op\u00fdtal: &#8222;to m\u00f4\u017ee mn\u00edch tak r\u00fdchlo jazdi\u0165?&#8220; To som e\u0161te netu\u0161il, \u017ee po n\u00e1vrate na chatu sa bude znova p\u00fdta\u0165. \u010co? O chv\u00ed\u013eu&nbsp;sa do\u010d\u00edtate. Nad parkoviskom bola hotov\u00e1 zoologick\u00e1 z\u00e1hrada: kone, sliepky, ka\u010dky, \u010d\u00ednske prasiatka,, barany a ovce, dokonca p\u0161trosy a krava. Len\u017ee t\u00e1 nebola \u017eiv\u00e1, ale zrejme plastov\u00e1 a dala sa doji\u0165. Ke\u010f ste ju potiahli vystrekla z vemena voda. V\u00fdborn\u00e1 sk\u00fasenos\u0165 pre t\u00fdch, ktor\u00ed e\u0161te nedojili \u017eiv\u00fa kravu. Cestou po l\u00fake sme sa zastavili, odd\u00fdchli a pomodlili ve\u0161pery.<\/p>\n\n\n\n<p>Po n\u00e1vrate na chatu sa odohrala mil\u00e1 udalos\u0165 pre niektor\u00e9 obl\u00e1tky, ktor\u00e9 si uvedomili, \u017ee maj\u00fa za sebou polovicu \u017eivota. No a ako by to bolo, keby sa okr\u00fahle narodeniny osl\u00e1vili&nbsp;len tak &#8211; bez torty, korb\u00e1\u010dikov a oblo\u017een\u00fdch m\u00eds. A ke\u010f\u017ee atmosf\u00e9ra bola pr\u00edjemn\u00e1, otec Jozef si zap\u00e1lil fajku. A vtedy nasledovala druh\u00e1 znepokojuj\u00faca ot\u00e1zka Mikul\u00e1\u0161a: &#8222;m\u00f4\u017ee mn\u00edch faj\u010di\u0165?&#8220; Sna\u017eil som sa mu vysvetli\u0165, \u017ee aj mn\u00edch je len \u010dlovek z m\u00e4sa a kost\u00ed, ktor\u00fd potrebuje jes\u0165, pi\u0165, spa\u0165 ako aj my, ale \u017ee \u017eije v spolo\u010denstve in\u00fdch mn\u00edchov v kl\u00e1\u0161tore, ktor\u00ed sa zasv\u00e4tili Bohu a sna\u017eia sa o kres\u0165ansk\u00fa dokonalos\u0165 spolo\u010dnou modlitbou, stolovan\u00edm, cnostn\u00fdm \u017eivotom, ask\u00e9zou, p\u00f4stom a bratsk\u00fdm spoluna\u017e\u00edvan\u00edm a \u017ee t\u00e1 fajka, nie je \u017eiadna z\u00e1vislos\u0165 na tabakovom dyme, ale forma relaxu.<\/p>\n\n\n\n<p>S prib\u00fadaj\u00facim \u010dasom sa na\u0161e spolo\u010denstvo za\u010dalo zmen\u0161ova\u0165. Na z\u00e1ver sme si mohli vypo\u010du\u0165, ale aj vidie\u0165 rozpr\u00e1vku, ktor\u00fa prerozpr\u00e1vala obl\u00e1tka A\u0148a. No darmo, ke\u010f m\u00e1\u0161 priezvisko po&nbsp; zn\u00e1mom spisovate\u013eovi nie\u010do sa nalep\u00ed.<img loading=\"lazy\" decoding=\"async\" src=\"\" alt=\"&#x1f601;\" width=\"48\" height=\"48\">&nbsp;a tak n\u00e1m zostalo u\u017e len rozobra\u0165 stany, stoly a lavice a v\u0161etko uprata\u0165.<\/p>\n\n\n\n<p>\u010eakujeme za pr\u00edpravu a zorganizovanie&nbsp;stretnutia a za spolo\u010dn\u00fd \u010das by\u0165 spolu s mn\u00edchmi. A \u010fakujeme Cypri\u00e1novi za fotodokument\u00e1ciu cel\u00e9ho stretnutia. Wszystko&nbsp;bylo&nbsp;takie&nbsp;cudowne<img loading=\"lazy\" decoding=\"async\" src=\"\" alt=\"&#x1f607;\" width=\"48\" height=\"48\"><\/p>\n\n\n\n<p>Som&nbsp;presved\u010den\u00fd o tom, \u017ee cel\u00e9 na\u0161e stretnutie smerovalo k tomu, \u010do bolo z\u00e1kladom pre mn\u00ed\u0161sky \u017eivot sv. Benedikta &#8211; &#8222;aby bol vo v\u0161etkom osl\u00e1ven\u00fd Boh&#8220;. Pax.<\/p>\n\n\n\n<p>M+L Jozefiakovci<\/p>\n\n\n\n<p>V&nbsp;M\u00fatnom, roku P\u00e1na 2020, na sviatok sv. archanjelov Michala, Gabriela a Rafaela<\/p>\n\n\n\n<p><a href=\"https:\/\/photos.app.goo.gl\/sBLxbyk82xmmSvmB6\">Foto &#8211; Obl\u00e1tka Erika<\/a><\/p>\n\n\n\n<p><\/p>\n\n\n\n<p><\/p>\n","protected":false},"excerpt":{"rendered":"<p>Obl\u00e1ti Lenka a Miro Jozefiak 11. j\u00fal 2020 &#8211; sviatok sv. Benedikta, zakladate\u013ea mn\u00ed\u0161skeho r\u00e1du, patr\u00f3na Eur\u00f3py a mocn\u00e9ho orodovn\u00edka a pr\u00edmluvcu v nebi. De\u0148 na\u0161ich sl\u00e1vnostn\u00fdch pr\u00eds\u013eubov, deviatych nov\u00fdch obl\u00e1tov, ktor\u00ed sme sa takto za\u010dlenili do benedikt\u00ednskej rodiny.. Aby sme ju mohli lep\u0161ie spozna\u0165, zorganizovali &#8211; t\u00ed slu\u017eobne star\u0161\u00ed obl\u00e1ti &#8211; stretnutie obl\u00e1tov s [&hellip;]<\/p>\n","protected":false},"author":2,"featured_media":0,"comment_status":"open","ping_status":"open","sticky":false,"template":"","format":"standard","meta":{"footnotes":""},"categories":[3],"tags":[],"class_list":["post-691","post","type-post","status-publish","format-standard","hentry","category-aktuality"],"_links":{"self":[{"href":"https:\/\/oblati.benediktini.sk\/index.php?rest_route=\/wp\/v2\/posts\/691","targetHints":{"allow":["GET"]}}],"collection":[{"href":"https:\/\/oblati.benediktini.sk\/index.php?rest_route=\/wp\/v2\/posts"}],"about":[{"href":"https:\/\/oblati.benediktini.sk\/index.php?rest_route=\/wp\/v2\/types\/post"}],"author":[{"embeddable":true,"href":"https:\/\/oblati.benediktini.sk\/index.php?rest_route=\/wp\/v2\/users\/2"}],"replies":[{"embeddable":true,"href":"https:\/\/oblati.benediktini.sk\/index.php?rest_route=%2Fwp%2Fv2%2Fcomments&post=691"}],"version-history":[{"count":5,"href":"https:\/\/oblati.benediktini.sk\/index.php?rest_route=\/wp\/v2\/posts\/691\/revisions"}],"predecessor-version":[{"id":739,"href":"https:\/\/oblati.benediktini.sk\/index.php?rest_route=\/wp\/v2\/posts\/691\/revisions\/739"}],"wp:attachment":[{"href":"https:\/\/oblati.benediktini.sk\/index.php?rest_route=%2Fwp%2Fv2%2Fmedia&parent=691"}],"wp:term":[{"taxonomy":"category","embeddable":true,"href":"https:\/\/oblati.benediktini.sk\/index.php?rest_route=%2Fwp%2Fv2%2Fcategories&post=691"},{"taxonomy":"post_tag","embeddable":true,"href":"https:\/\/oblati.benediktini.sk\/index.php?rest_route=%2Fwp%2Fv2%2Ftags&post=691"}],"curies":[{"name":"wp","href":"https:\/\/api.w.org\/{rel}","templated":true}]}}