{"id":66,"date":"2015-01-04T14:13:50","date_gmt":"2015-01-04T12:13:50","guid":{"rendered":"http:\/\/oblati.benediktini.sk\/?p=66"},"modified":"2015-02-28T21:54:31","modified_gmt":"2015-02-28T19:54:31","slug":"ocenenie-za-filantropiu","status":"publish","type":"post","link":"https:\/\/oblati.benediktini.sk\/?p=66","title":{"rendered":"Ocenenie za filantropiu"},"content":{"rendered":"<p style=\"text-align: justify;\"><a href=\"http:\/\/oblati.benediktini.sk\/wp-content\/uploads\/2014\/12\/200px-Viera_Duba\u010dov\u00e1_2013.jpg\" data-rel=\"lightbox-image-0\" data-rl_title=\"\" data-rl_caption=\"\" title=\"\"><img loading=\"lazy\" decoding=\"async\" class=\"alignright wp-image-67 size-full\" src=\"http:\/\/oblati.benediktini.sk\/wp-content\/uploads\/2014\/12\/200px-Viera_Duba\u010dov\u00e1_2013.jpg\" alt=\"200px-Viera_Duba\u010dov\u00e1_(2013)\" width=\"200\" height=\"242\" \/><\/a>Laure\u00e1tkou Kri\u0161t\u00e1\u013eov\u00e9ho kr\u00eddla za rok 2012 v kateg\u00f3rii filantropia sa v janu\u00e1ri 2013 stala na\u0161a obl\u00e1tka, slovensk\u00e1 b\u00e1bkohere\u010dka, re\u017eis\u00e9rka, mana\u017e\u00e9rka, aktivistka a region\u00e1lna politi\u010dka, Vierka Duba\u010dov\u00e1. Je zakladate\u013ekou a re\u017eis\u00e9rkou Divadla z Pas\u00e1\u017ee, kde pracuje s ment\u00e1lne postihnut\u00fdmi a pom\u00e1ha im za\u010dleni\u0165 sa do spolo\u010dnosti. Je d\u00f4slednou obhajky\u0148ou pr\u00e1v soci\u00e1lne slab\u0161\u00edch.<\/p>\n<p>&nbsp;<\/p>\n<p>&nbsp;<\/p>\n<p>&nbsp;<\/p>\n<p>&nbsp;<\/p>\n<p>&nbsp;<\/p>\n<p>&nbsp;<\/p>\n","protected":false},"excerpt":{"rendered":"<p>Laure\u00e1tkou Kri\u0161t\u00e1\u013eov\u00e9ho kr\u00eddla za rok 2012 v kateg\u00f3rii filantropia sa v janu\u00e1ri 2013 stala na\u0161a obl\u00e1tka, slovensk\u00e1 b\u00e1bkohere\u010dka, re\u017eis\u00e9rka, mana\u017e\u00e9rka, aktivistka a region\u00e1lna politi\u010dka, Vierka Duba\u010dov\u00e1. Je zakladate\u013ekou a re\u017eis\u00e9rkou Divadla z Pas\u00e1\u017ee, kde pracuje s ment\u00e1lne postihnut\u00fdmi a pom\u00e1ha im za\u010dleni\u0165 sa do spolo\u010dnosti. Je d\u00f4slednou obhajky\u0148ou pr\u00e1v soci\u00e1lne slab\u0161\u00edch. &nbsp; &nbsp; &nbsp; &nbsp; [&hellip;]<\/p>\n","protected":false},"author":2,"featured_media":0,"comment_status":"open","ping_status":"open","sticky":false,"template":"","format":"standard","meta":{"footnotes":""},"categories":[3],"tags":[],"class_list":["post-66","post","type-post","status-publish","format-standard","hentry","category-aktuality"],"_links":{"self":[{"href":"https:\/\/oblati.benediktini.sk\/index.php?rest_route=\/wp\/v2\/posts\/66","targetHints":{"allow":["GET"]}}],"collection":[{"href":"https:\/\/oblati.benediktini.sk\/index.php?rest_route=\/wp\/v2\/posts"}],"about":[{"href":"https:\/\/oblati.benediktini.sk\/index.php?rest_route=\/wp\/v2\/types\/post"}],"author":[{"embeddable":true,"href":"https:\/\/oblati.benediktini.sk\/index.php?rest_route=\/wp\/v2\/users\/2"}],"replies":[{"embeddable":true,"href":"https:\/\/oblati.benediktini.sk\/index.php?rest_route=%2Fwp%2Fv2%2Fcomments&post=66"}],"version-history":[{"count":5,"href":"https:\/\/oblati.benediktini.sk\/index.php?rest_route=\/wp\/v2\/posts\/66\/revisions"}],"predecessor-version":[{"id":140,"href":"https:\/\/oblati.benediktini.sk\/index.php?rest_route=\/wp\/v2\/posts\/66\/revisions\/140"}],"wp:attachment":[{"href":"https:\/\/oblati.benediktini.sk\/index.php?rest_route=%2Fwp%2Fv2%2Fmedia&parent=66"}],"wp:term":[{"taxonomy":"category","embeddable":true,"href":"https:\/\/oblati.benediktini.sk\/index.php?rest_route=%2Fwp%2Fv2%2Fcategories&post=66"},{"taxonomy":"post_tag","embeddable":true,"href":"https:\/\/oblati.benediktini.sk\/index.php?rest_route=%2Fwp%2Fv2%2Ftags&post=66"}],"curies":[{"name":"wp","href":"https:\/\/api.w.org\/{rel}","templated":true}]}}