{"id":546,"date":"2018-10-04T13:32:12","date_gmt":"2018-10-04T11:32:12","guid":{"rendered":"https:\/\/oblati.benediktini.sk\/?p=546"},"modified":"2018-10-04T13:48:46","modified_gmt":"2018-10-04T11:48:46","slug":"zo-sampora-na-plese-alebo-benediktinsky-den-v-podkoniciach","status":"publish","type":"post","link":"https:\/\/oblati.benediktini.sk\/?p=546","title":{"rendered":"Zo Sampora na Ple\u0161e alebo Benedikt\u00ednsky de\u0148 v Podkoniciach"},"content":{"rendered":"<p><strong>Obl\u00e1tka Monika.<\/strong><\/p>\n<p>Em\u00f3cie zo spolo\u010dne str\u00e1ven\u00e9ho \u010dasu obl\u00e1tov s\u00a0benedikt\u00ednmi v\u00a0Podkoniciach u\u017e pomaly str\u00e1caj\u00fa na intenzite, no vryli sa n\u00e1m hlboko do na\u0161ich s\u0155dc. Tak\u00fa symbi\u00f3zu s\u0155dc a\u00a0mysl\u00ed som e\u0161te neza\u017eila. V\u0161etko prebiehalo akoby intuit\u00edvne. Sk\u00f4r, ako som sa na niekoho obr\u00e1tila s\u00a0prosbou o\u00a0pomoc, u\u017e mi aj niekto pom\u00e1hal: Bez str\u00e1\u017ecu oh\u0148a \u2013 Rada \u2013 by gul\u00e1\u0161 nebol uvaren\u00fd. Bez zeleninov\u00fdch pomocn\u00ed\u010dok \u2013 \u013dubky a\u00a0Eriky \u2013 a\u00a0bez kr\u00e1ja\u010dov m\u00e4sa \u2013 Janka, Anky a Miriam by nebolo \u010do do kotl\u00edka da\u0165. Bez p. far\u00e1ra a\u00a0bratov benedikt\u00ednov by zostali sm\u00e4dn\u00e9 na\u0161e du\u0161e i\u00a0tel\u00e1. A\u00a0bez siln\u00fdch chlapov, by sme nemali na \u010dom sedie\u0165. Nejdem menova\u0165, v\u0161etci chlapi na \u010dele s\u00a0Milo\u0161om a\u00a0Tom\u00e1\u0161om sa v\u00a0tom h\u00e1dam n\u00e1jdu.\u010co doda\u0165, gul\u00e1\u0161 bol najlep\u0161\u00ed, lebo bol spolo\u010dn\u00fd. Ka\u017ed\u00fd pridal ruku k\u00a0dielu, a\u00a0tak sa nemohol nevydari\u0165. V\u00a0tomto pr\u00edpade cit\u00e1t \u201eAk\u00e9 je dobr\u00e9 a\u00a0mil\u00e9, ke\u010f bratia \u017eij\u00fa pospolu.\u201c (\u017d133,1) nebol len vzdialen\u00fdm cit\u00e1tom z\u00a0P\u00edsma. Bola to realita Benedikt\u00ednskeho d\u0148a. Z\u00edden\u00ed ako rodina sme boli pri olt\u00e1ri i\u00a0pri obed\u0148aj\u0161om stole, kde sa ku n\u00e1m pridala aj Vierka.<\/p>\n<p><a href=\"https:\/\/oblati.benediktini.sk\/wp-content\/uploads\/2018\/10\/20180829_123106.jpg\" data-rel=\"lightbox-image-0\" data-rl_title=\"\" data-rl_caption=\"\" title=\"\"><img loading=\"lazy\" decoding=\"async\" class=\"alignnone wp-image-547\" src=\"https:\/\/oblati.benediktini.sk\/wp-content\/uploads\/2018\/10\/20180829_123106-300x225.jpg\" alt=\"\" width=\"268\" height=\"201\" srcset=\"https:\/\/oblati.benediktini.sk\/wp-content\/uploads\/2018\/10\/20180829_123106-300x225.jpg 300w, https:\/\/oblati.benediktini.sk\/wp-content\/uploads\/2018\/10\/20180829_123106-768x576.jpg 768w, https:\/\/oblati.benediktini.sk\/wp-content\/uploads\/2018\/10\/20180829_123106-1024x768.jpg 1024w\" sizes=\"auto, (max-width: 268px) 100vw, 268px\" \/><\/a> \u00a0 \u00a0 <a href=\"https:\/\/oblati.benediktini.sk\/wp-content\/uploads\/2018\/10\/20180829_175928.jpg\" data-rel=\"lightbox-image-1\" data-rl_title=\"\" data-rl_caption=\"\" title=\"\"><img loading=\"lazy\" decoding=\"async\" class=\"alignnone wp-image-548\" src=\"https:\/\/oblati.benediktini.sk\/wp-content\/uploads\/2018\/10\/20180829_175928-300x225.jpg\" alt=\"\" width=\"269\" height=\"202\" srcset=\"https:\/\/oblati.benediktini.sk\/wp-content\/uploads\/2018\/10\/20180829_175928-300x225.jpg 300w, https:\/\/oblati.benediktini.sk\/wp-content\/uploads\/2018\/10\/20180829_175928-768x576.jpg 768w, https:\/\/oblati.benediktini.sk\/wp-content\/uploads\/2018\/10\/20180829_175928-1024x768.jpg 1024w\" sizes=\"auto, (max-width: 269px) 100vw, 269px\" \/><\/a><\/p>\n<p>A\u00a0aby n\u00e1m lep\u0161ie vytr\u00e1vilo, vybrali sme sa na turistiku na Ple\u0161e.<\/p>\n<p><!--more--><\/p>\n<p>Aby som nezabudla, e\u0161te predt\u00fdm mal\u00e1 zast\u00e1vka u\u00a0n\u00e1s \u2013 \u010cunderl\u00edkovcov. Srde\u010dne \u010fakujeme za n\u00e1v\u0161tevu.<\/p>\n<p>A\u00a0potom u\u017e \u201ehor sa na Ple\u0161e\u201c. Obohatili sme sa vz\u00e1jomn\u00fdmi rozhovormi a\u00a0po n\u00e1vrate na miestnu faru, sme pri spolo\u010dnej modlitbe ve\u0161pier velebili P\u00e1na za tak n\u00e1dhern\u00fd de\u0148. P\u00e1n sa n\u00e1s rozhodol obohati\u0165 nad mieru, a\u00a0dal n\u00e1m e\u0161te intenz\u00edvnej\u0161ie poc\u00edti\u0165, \u017ee sme rodina. A\u00a0tak na\u0161e rozhovory pokra\u010dovali po ve\u010deri a\u00a0zav\u0155\u0161ili sa spolo\u010dn\u00fdm spevom \u013eudov\u00fdch piesn\u00ed zo\u00a0v\u0161etk\u00fdch k\u00fatov Slovenska.<\/p>\n<p>Mysl\u00edm, \u017ee sme v\u0161etci pookriali na duchu a\u00a0spoznali sme sa ako \u013eudia, ako veriaci, ako benedikt\u00edni. Scelilo n\u00e1s to.<\/p>\n<p>Chv\u00e1la P\u00e1novi.<\/p>\n<p><a href=\"https:\/\/photos.app.goo.gl\/sidVsYNqsz2qPTyp9\"><strong>Foto: Obl\u00e1tka Lubica<\/strong><\/a><\/p>\n<p>&nbsp;<\/p>\n<p>&nbsp;<\/p>\n<p>&nbsp;<\/p>\n<p>&nbsp;<\/p>\n<p>&nbsp;<\/p>\n","protected":false},"excerpt":{"rendered":"<p>Obl\u00e1tka Monika. Em\u00f3cie zo spolo\u010dne str\u00e1ven\u00e9ho \u010dasu obl\u00e1tov s\u00a0benedikt\u00ednmi v\u00a0Podkoniciach u\u017e pomaly str\u00e1caj\u00fa na intenzite, no vryli sa n\u00e1m hlboko do na\u0161ich s\u0155dc. Tak\u00fa symbi\u00f3zu s\u0155dc a\u00a0mysl\u00ed som e\u0161te neza\u017eila. V\u0161etko prebiehalo akoby intuit\u00edvne. Sk\u00f4r, ako som sa na niekoho obr\u00e1tila s\u00a0prosbou o\u00a0pomoc, u\u017e mi aj niekto pom\u00e1hal: Bez str\u00e1\u017ecu oh\u0148a \u2013 Rada \u2013 by [&hellip;]<\/p>\n","protected":false},"author":2,"featured_media":0,"comment_status":"open","ping_status":"open","sticky":false,"template":"","format":"standard","meta":{"footnotes":""},"categories":[3],"tags":[],"class_list":["post-546","post","type-post","status-publish","format-standard","hentry","category-aktuality"],"_links":{"self":[{"href":"https:\/\/oblati.benediktini.sk\/index.php?rest_route=\/wp\/v2\/posts\/546","targetHints":{"allow":["GET"]}}],"collection":[{"href":"https:\/\/oblati.benediktini.sk\/index.php?rest_route=\/wp\/v2\/posts"}],"about":[{"href":"https:\/\/oblati.benediktini.sk\/index.php?rest_route=\/wp\/v2\/types\/post"}],"author":[{"embeddable":true,"href":"https:\/\/oblati.benediktini.sk\/index.php?rest_route=\/wp\/v2\/users\/2"}],"replies":[{"embeddable":true,"href":"https:\/\/oblati.benediktini.sk\/index.php?rest_route=%2Fwp%2Fv2%2Fcomments&post=546"}],"version-history":[{"count":2,"href":"https:\/\/oblati.benediktini.sk\/index.php?rest_route=\/wp\/v2\/posts\/546\/revisions"}],"predecessor-version":[{"id":550,"href":"https:\/\/oblati.benediktini.sk\/index.php?rest_route=\/wp\/v2\/posts\/546\/revisions\/550"}],"wp:attachment":[{"href":"https:\/\/oblati.benediktini.sk\/index.php?rest_route=%2Fwp%2Fv2%2Fmedia&parent=546"}],"wp:term":[{"taxonomy":"category","embeddable":true,"href":"https:\/\/oblati.benediktini.sk\/index.php?rest_route=%2Fwp%2Fv2%2Fcategories&post=546"},{"taxonomy":"post_tag","embeddable":true,"href":"https:\/\/oblati.benediktini.sk\/index.php?rest_route=%2Fwp%2Fv2%2Ftags&post=546"}],"curies":[{"name":"wp","href":"https:\/\/api.w.org\/{rel}","templated":true}]}}