{"id":540,"date":"2018-08-26T11:15:35","date_gmt":"2018-08-26T09:15:35","guid":{"rendered":"https:\/\/oblati.benediktini.sk\/?p=540"},"modified":"2018-08-26T11:18:15","modified_gmt":"2018-08-26T09:18:15","slug":"putovanie-do-cerina-spolocne-stretnutie-rodin-oblatov","status":"publish","type":"post","link":"https:\/\/oblati.benediktini.sk\/?p=540","title":{"rendered":"Putovanie do \u010cer\u00edna &#8211; spolo\u010dn\u00e9 stretnutie rod\u00edn obl\u00e1tov"},"content":{"rendered":"<p><strong>Obl\u00e1tka Erika<\/strong><\/p>\n<p>U\u017e tesne pred letn\u00fdmi pr\u00e1zdninami, 23. j\u00fana 2018\u00a0 sa\u00a0 n\u00e1\u0161mu obl\u00e1tskemu <a href=\"https:\/\/oblati.benediktini.sk\/wp-content\/uploads\/2018\/08\/stretnutie-obl\u00e1tov-a-rod\u00edn-23.6.-2018-39.jpg\" data-rel=\"lightbox-image-0\" data-rl_title=\"\" data-rl_caption=\"\" title=\"\"><img loading=\"lazy\" decoding=\"async\" class=\" wp-image-541 alignright\" src=\"https:\/\/oblati.benediktini.sk\/wp-content\/uploads\/2018\/08\/stretnutie-obl\u00e1tov-a-rod\u00edn-23.6.-2018-39-300x199.jpg\" alt=\"\" width=\"295\" height=\"196\" srcset=\"https:\/\/oblati.benediktini.sk\/wp-content\/uploads\/2018\/08\/stretnutie-obl\u00e1tov-a-rod\u00edn-23.6.-2018-39-300x199.jpg 300w, https:\/\/oblati.benediktini.sk\/wp-content\/uploads\/2018\/08\/stretnutie-obl\u00e1tov-a-rod\u00edn-23.6.-2018-39-768x510.jpg 768w, https:\/\/oblati.benediktini.sk\/wp-content\/uploads\/2018\/08\/stretnutie-obl\u00e1tov-a-rod\u00edn-23.6.-2018-39-1024x680.jpg 1024w\" sizes=\"auto, (max-width: 295px) 100vw, 295px\" \/><\/a>spolo\u010denstvu podarilo pre\u017ei\u0165 kr\u00e1snu sobotu v\u00a0pokojnej rodinnej atmosf\u00e9re spolu s\u00a0ich \u00a0 rodinn\u00fdmi pr\u00edslu\u0161n\u00edkmi nielen zo Slovenska ale aj zo zahrani\u010dia.\u00a0 Obl\u00e1tska rodina sa rozr\u00e1stla na tento de\u0148\u00a0 o\u00a0mno\u017estvo nov\u00fdch tv\u00e1r\u00ed. Zi\u0161lo sa n\u00e1s po\u017eehnane, a\u017e 40 du\u0161\u00ed.\u00a0 Medzi nimi man\u017eelia a\u00a0man\u017eelky obl\u00e1tov, ich deti, vn\u00fa\u010datk\u00e1 i\u00a0\u010fal\u0161ia rodina. Pote\u0161ili sme sa ka\u017ed\u00e9mu nov\u00e9mu \u010dlovie\u010dikovi.<\/p>\n<p><!--more--><\/p>\n<p>Stretli sme sa o\u00a08:30 hod v\u00a0samporskom kl\u00e1\u0161tore. \u0160of\u00e9ri odviezli proviant potrebn\u00fd na opeka\u010dku, grill a\u00a0aut\u00e1 do \u010cer\u00edna a\u00a0vr\u00e1tili sa do Sampora. Po osobnom zv\u00edtan\u00ed sa a\u00a0po \u00favodnej modlitbe s\u00a0otcom Jozefom\u00a0 sme sa vydali na pe\u0161iu p\u00fa\u0165 do \u010cer\u00edna.\u00a0 Mo\u017eno s\u00a0mal\u00fdmi obavami, u\u00a0niektor\u00fdch z\u00a0n\u00e1ro\u010dnosti cesty alebo z\u00a0hrozby da\u017ediv\u00fdch mrakov, sme sa v\u00a0dru\u017en\u00fdch rozhovoroch pustili do putovania. Cesta viedla cez lesy a\u00a0kr\u00e1sne l\u00faky. Takmer ka\u017ed\u00fd z\u00a0n\u00e1s\u00a0 bol o\u010daren\u00fd kr\u00e1snou pr\u00edrodou a\u00a0tichom, ktor\u00e9 bolo preru\u0161ovan\u00e9 \u0161tebotav\u00fdmi hlasmi, smiechom a\u00a0len ob\u010dasnom ot\u00e1zkou det\u00ed: \u201eKedy tam u\u017e budeme?\u201c\u00a0\u00a0 Ja, Erika, som trasu vopred pre\u0161la, ozna\u010dila, aby sa nestalo, \u017eeby niekto zabl\u00fadil.\u00a0 No na\u0161i\u00a0 detsk\u00ed vodcovia Miriam, S\u00e1ra, Samuel&#8230;na\u0161li\u00a0 intuit\u00edvne skratku a ani sme sa nenazdali a\u00a0uvideli sme na obzore siluetu \u010cer\u00ednskeho ranogotick\u00e9ho kostola.<\/p>\n<p>Do \u010cer\u00edna sme dorazili okolo 11:00 hod. Tam n\u00e1s u\u017e \u010dakali Radko Buda s\u00a0man\u017eelkou Andreou a\u00a0de\u0165\u00farencami\u00a0 a\u00a0Dominikin Julo Minka\u00a0 s\u00a0najmlad\u0161\u00edm Benjam\u00ednom.\u00a0 Po pr\u00edchode sme sa trochu ob\u010derstvili a\u00a0posilnili svoje \u017eal\u00fadky. Grilova\u010dka sa pripravovala v\u00a0are\u00e1li\u00a0 700 ro\u010dn\u00e9ho kostola sv. Martina na kop\u010deku. Na\u00a0pr\u00edpravu jedla sa podujali\u00a0 otec Jozef, Milo\u0161 s\u00a0man\u017eelkou Erikou a\u00a0rodina Minkov\u00e1. My ostatn\u00ed sme \u010dakanie na obed vyu\u017eili na n\u00e1v\u0161tevu jubilejnej kaplnky sv. Alojza Gonzagu, ktor\u00e1 je s\u00fa\u010das\u0165ou \u010cer\u00ednskej fary. Kaplnka sv. Alojza\u00a0 je jedinou v\u00a0Banskobystrickej diec\u00e9ze, v\u00a0ktorej je mo\u017en\u00e9 po splnen\u00ed ur\u010dit\u00fdch podmienok z\u00edska\u0165 plnomocn\u00e9 odpustky z\u00a0pr\u00edle\u017eitosti 450 rokov od narodenia sv. Alojza v\u00a0tomto jubilejnom roku vyhl\u00e1senom sv. otcom\u00a0 Franti\u0161kom 9. marca 2018. \u017divot, pre mnoh\u00fdch nezn\u00e1meho\u00a0 mlad\u00e9ho jezuitu sme si pribl\u00ed\u017eili kr\u00e1tkou prezent\u00e1ciou o\u00a0jeho \u017eivote. Pomodlili sme sa predp\u00edsan\u00e9 modlitby na z\u00edskanie odpustkov a\u00a0uctili si jeho relikvie. Rodi\u010dia prosili patr\u00f3na ml\u00e1de\u017ee a\u00a0vo\u013eby povolan\u00ed za svoje de\u0165\u00farence\u00a0 a\u00a0vn\u00fa\u010dence.\u00a0 Pr\u00e1ve ke\u010f sme sa chystali opusti\u0165 kaplnku a\u00a0na\u0161e bru\u0161k\u00e1 sa u\u017e te\u0161ili na pripraven\u00fd obed, spustil sa prudk\u00fd d\u00e1\u017e\u010f. Av\u0161ak hne\u010f sme poprosili u\u017e\u00a0 zn\u00e1meho nebesk\u00e9ho priate\u013ea sv. Alojza. A\u00a0zabralo to. K\u00fdm sme sa pomodlili desiatok sv. ru\u017eenca a\u00a0zaspievali piese\u0148 pr\u0161a\u0165 prestalo, a\u00a0my sme sa presunuli na kop\u010dek ku kostolu sv. Martina, kde bola s\u00fastreden\u00e1 na\u0161a po\u013en\u00e1 kuchy\u0148a. V\u0161etci sme sa po modlitbe pred jedlom s\u00a0chu\u0165ou pustili do grilovan\u00fdch \u0161peka\u010diek, klob\u00e1sok \u010di m\u00e4ska so zeleninou.\u00a0 Pochutili sme si aj na r\u00f4znych kol\u00e1\u010dikoch, ktor\u00e9 sme si\u00a0 priniesli z\u00a0domu. Bolo odmenou pozera\u0165\u00a0 na detsk\u00e9 tv\u00e1re uf\u00fa\u013ean\u00e9 od ke\u010dupu, ako s\u00a0chu\u0165ou jedia pripraven\u00e9 dobroty.<\/p>\n<p>Po obede sme za kr\u00e1sny spolo\u010dne pre\u017eit\u00fd de\u0148 mohli \u010fakova\u0165\u00a0 P. Bohu sv. om\u0161ou, ktor\u00fa n\u00e1m odsl\u00fa\u017eil otec Jozef. Na\u0161u komunitu posilnil aj brat Svorad. Cel\u00fa liturgiu sprev\u00e1dzali deti svojim spevom i\u00a0ukazova\u010dkami. Aj eucharistick\u00e9 v\u010fakyvzdanie n\u00e1s e\u0161te u\u017e\u0161ie navz\u00e1jom spojilo a\u00a0umo\u017enilo pochopi\u0165, \u017ee pr\u00e1ve P\u00e1n Je\u017ei\u0161 je t\u00fdm opravdiv\u00fdm zjednocuj\u00facim prvkom v\u00a0ka\u017edom spolo\u010denstve. Po sv. om\u0161i som e\u0161te niektor\u00fdm z\u00e1ujemcom o\u00a0hist\u00f3riu kostola podala kr\u00e1tky v\u00fdklad o\u00a0hist\u00f3rii, fresk\u00e1ch a\u00a0architekt\u00fare vz\u00e1cneho kostol\u00edka sv. Martina. Niektor\u00ed rodi\u010dia s\u00a0de\u0165mi odi\u0161li po sv. om\u0161i do Sampora, kde o\u00a015:30 hod za\u010d\u00ednala v\u00a0benedikt\u00ednskom kl\u00e1\u0161tore prezent\u00e1cia animovan\u00fdch rozpr\u00e1vok pre deti. Ostatn\u00ed, ktor\u00ed sme ostali, sme urobili\u00a0 poriadok, aby sme tak nenaru\u0161ili svojou pr\u00edtomnos\u0165ou n\u00e1dhern\u00e9\u00a0 kvetinov\u00e9\u00a0 prostredie kostola. E\u0161te raz \u010fakujeme \u010der\u00ednskemu p. far\u00e1rovi Du\u0161anovi Mes\u00edkovi za poskytnutie priestorov fary a\u00a0kostola na na\u0161e spolo\u010dn\u00e9 stretnutie. Potom sme sa autami presunuli\u00a0 z\u00a0\u010cer\u00edna do Sampora. Po prezent\u00e1cii animovan\u00fdch filmov sme sa navz\u00e1jom rozl\u00fa\u010dili. Niektor\u00ed z\u00a0n\u00e1s ostali e\u0161te na liturgiu ve\u0161pier s\u00a0mn\u00edchmi.<\/p>\n<p>Mysl\u00edm, \u017ee ka\u017ed\u00fd z\u00a0n\u00e1s odch\u00e1dzal domov so \u0161\u0165astn\u00fdm \u00fasmevom na tv\u00e1ri z\u00a0kr\u00e1sne a\u00a0u\u017eito\u010dne pre\u017eit\u00e9ho spolo\u010dn\u00e9ho d\u0148a. A\u00a0aj tom je tie\u017e\u00a0 benedikt\u00ednska oblat\u00fara &#8211;\u00a0 by\u0165 darom jeden pre druh\u00e9ho.<\/p>\n<p>\u00da\u010dastn\u00edci akcie: Dada a\u00a0jej vnu\u010dky: Hanka a\u00a0Terezka; Milo\u0161 a\u00a0man\u017eelka Erika; Dominika a\u00a0man\u017eel Julo s\u00a0de\u0165mi: Miriam, S\u00e1ra, Samko, Benjam\u00edn; Tom\u00e1\u0161 a\u00a0man\u017eelka Deniska a\u00a01-ro\u010dn\u00fd\u00a0 Mat\u00fa\u0161ko; Ani\u010dka a\u00a0man\u017eel Maro\u0161s de\u0165mi: Monika a\u00a0Jessica,\u00a0 Ani\u010dkina sestra\u00a0 Zuzka s\u00a0man\u017eelom Adom (Adrian)a de\u0165mi: Brian, Krist\u00ednka a\u00a0Adamko; Erika; Daniel a man\u017eelka Majka a syn\u00a0 Martin; Emka; Miriam; \u013dubka; Monika; Rado a\u00a0man\u017eelka Andrea s\u00a0de\u0165\u00farencami: Katka, Ani\u010dka, Monika, \u0160imon a\u00a0Ondr\u00edk; brat Svorad a otec Jozef.<\/p>\n<p><a href=\"https:\/\/photos.google.com\/share\/AF1QipNwV-O2lCsmN1m5jpTG0CQsEBbb0_jzkIHQeHNK5mqRm7UQtoldBmxiZHD3uOlIVA?key=b2FHbHZTMFhUMmplQ3NLb1Zmd1FiRTVLNXNqN213\">Fotogal\u00e9ria<\/a><\/p>\n","protected":false},"excerpt":{"rendered":"<p>Obl\u00e1tka Erika U\u017e tesne pred letn\u00fdmi pr\u00e1zdninami, 23. j\u00fana 2018\u00a0 sa\u00a0 n\u00e1\u0161mu obl\u00e1tskemu spolo\u010denstvu podarilo pre\u017ei\u0165 kr\u00e1snu sobotu v\u00a0pokojnej rodinnej atmosf\u00e9re spolu s\u00a0ich \u00a0 rodinn\u00fdmi pr\u00edslu\u0161n\u00edkmi nielen zo Slovenska ale aj zo zahrani\u010dia.\u00a0 Obl\u00e1tska rodina sa rozr\u00e1stla na tento de\u0148\u00a0 o\u00a0mno\u017estvo nov\u00fdch tv\u00e1r\u00ed. Zi\u0161lo sa n\u00e1s po\u017eehnane, a\u017e 40 du\u0161\u00ed.\u00a0 Medzi nimi man\u017eelia a\u00a0man\u017eelky obl\u00e1tov, [&hellip;]<\/p>\n","protected":false},"author":2,"featured_media":0,"comment_status":"open","ping_status":"open","sticky":false,"template":"","format":"standard","meta":{"footnotes":""},"categories":[3],"tags":[],"class_list":["post-540","post","type-post","status-publish","format-standard","hentry","category-aktuality"],"_links":{"self":[{"href":"https:\/\/oblati.benediktini.sk\/index.php?rest_route=\/wp\/v2\/posts\/540","targetHints":{"allow":["GET"]}}],"collection":[{"href":"https:\/\/oblati.benediktini.sk\/index.php?rest_route=\/wp\/v2\/posts"}],"about":[{"href":"https:\/\/oblati.benediktini.sk\/index.php?rest_route=\/wp\/v2\/types\/post"}],"author":[{"embeddable":true,"href":"https:\/\/oblati.benediktini.sk\/index.php?rest_route=\/wp\/v2\/users\/2"}],"replies":[{"embeddable":true,"href":"https:\/\/oblati.benediktini.sk\/index.php?rest_route=%2Fwp%2Fv2%2Fcomments&post=540"}],"version-history":[{"count":2,"href":"https:\/\/oblati.benediktini.sk\/index.php?rest_route=\/wp\/v2\/posts\/540\/revisions"}],"predecessor-version":[{"id":543,"href":"https:\/\/oblati.benediktini.sk\/index.php?rest_route=\/wp\/v2\/posts\/540\/revisions\/543"}],"wp:attachment":[{"href":"https:\/\/oblati.benediktini.sk\/index.php?rest_route=%2Fwp%2Fv2%2Fmedia&parent=540"}],"wp:term":[{"taxonomy":"category","embeddable":true,"href":"https:\/\/oblati.benediktini.sk\/index.php?rest_route=%2Fwp%2Fv2%2Fcategories&post=540"},{"taxonomy":"post_tag","embeddable":true,"href":"https:\/\/oblati.benediktini.sk\/index.php?rest_route=%2Fwp%2Fv2%2Ftags&post=540"}],"curies":[{"name":"wp","href":"https:\/\/api.w.org\/{rel}","templated":true}]}}