{"id":489,"date":"2017-08-06T12:04:01","date_gmt":"2017-08-06T10:04:01","guid":{"rendered":"https:\/\/oblati.benediktini.sk\/?p=489"},"modified":"2017-08-06T12:36:08","modified_gmt":"2017-08-06T10:36:08","slug":"prirastok-v-samporskej-oblatskej-rodine","status":"publish","type":"post","link":"https:\/\/oblati.benediktini.sk\/?p=489","title":{"rendered":"Pr\u00edrastok v samporskej obl\u00e1tskej rodine"},"content":{"rendered":"<p><strong>Obl\u00e1tka Erika<\/strong><\/p>\n<p>11. j\u00fal 2017 bol pre na\u0161e obl\u00e1tske spolo\u010denstvo nov\u00fdm historick\u00fdm medzn\u00edkom. Do obl\u00e1tskej komunity pribudli 5 nov\u00ed \u010dlenovia. Po\u010das sl\u00e1vnosti sv. Benedikta v\u00a0kl\u00e1\u0161tore <a href=\"https:\/\/oblati.benediktini.sk\/wp-content\/uploads\/2017\/08\/spolo\u010dn\u00e1-fotka-obl\u00e1ti-3.jpg\" data-rel=\"lightbox-image-0\" data-rl_title=\"\" data-rl_caption=\"\" title=\"\"><img loading=\"lazy\" decoding=\"async\" class=\"size-medium wp-image-490 alignright\" src=\"https:\/\/oblati.benediktini.sk\/wp-content\/uploads\/2017\/08\/spolo\u010dn\u00e1-fotka-obl\u00e1ti-3-300x199.jpg\" alt=\"\" width=\"300\" height=\"199\" srcset=\"https:\/\/oblati.benediktini.sk\/wp-content\/uploads\/2017\/08\/spolo\u010dn\u00e1-fotka-obl\u00e1ti-3-300x199.jpg 300w, https:\/\/oblati.benediktini.sk\/wp-content\/uploads\/2017\/08\/spolo\u010dn\u00e1-fotka-obl\u00e1ti-3-768x510.jpg 768w, https:\/\/oblati.benediktini.sk\/wp-content\/uploads\/2017\/08\/spolo\u010dn\u00e1-fotka-obl\u00e1ti-3-1024x680.jpg 1024w\" sizes=\"auto, (max-width: 300px) 100vw, 300px\" \/><\/a>Premenenia P\u00e1na zlo\u017eili do r\u00fak otca priora Vladim\u00edra Kasana obl\u00e1tske pr\u00eds\u013euby Daniel Volek, Miriam Faglicov\u00e1, Em\u00edlia P\u00fa\u010dekov\u00e1, \u013dubica Sedlick\u00e1 a\u00a0Monika \u010cunderl\u00edkov\u00e1. Nov\u00ed obl\u00e1ti prijali od\u00a0 otca priora regulu sv. Benedikta, pod\u013ea ktorej sa bud\u00fa sna\u017ei\u0165 usmer\u0148ova\u0165 svoje \u017eivotn\u00e9 cesty vo svete, tam, kde s\u00fa P\u00e1nom povolan\u00ed. Sv\u00e4t\u00fa om\u0161u, po\u010das ktorej kandid\u00e1ti spe\u010datili svoju oblat\u00faru,\u00a0 celebroval \u017eilinsk\u00fd diec\u00e9zny biskup otec Tom\u00e1\u0161 Galis.<\/p>\n<p><!--more--><\/p>\n<p>Na sv. om\u0161i a\u00a0na \u0161tedrom agap\u00e9, ktor\u00e9 u\u017e tradi\u010dne samporsk\u00ed mn\u00edsi na sl\u00e1vnos\u0165 sv. Benedikta pripravuj\u00fa, sa okrem nov\u00fdch obl\u00e1tov z\u00fa\u010dastnili aj ich najbli\u017e\u0161\u00ed pr\u00edbuzn\u00ed a\u00a0priatelia a\u00a0tie\u017e mnoh\u00ed k\u0148azi, reho\u013en\u00e9 sestry a\u00a0 priatelia\u00a0 samporsk\u00e9ho kl\u00e1\u0161tora, veriaci a\u00a0p\u00fatnici, ktor\u00ed pri\u0161li spolo\u010dne osl\u00e1vi\u0165 sv. Benedikta.<\/p>\n<p>M\u00e1me ve\u013ek\u00fa rados\u0165 z\u00a0toho, \u017ee na\u0161a obl\u00e1tska rodina je op\u00e4\u0165 bohat\u0161ia o\u00a0piatich \u010dlenov. M\u00e1me n\u00e1dej, \u017ee ka\u017ed\u00fd jeden z\u00a0nov\u00fdch obl\u00e1tov bude \u201edarom\u201c pre spolo\u010denstvo mn\u00edchov samporsk\u00e9ho kl\u00e1\u0161tora, pre na\u0161u komunitu obl\u00e1tov, pre svoje rodiny, okolie a\u00a0spolo\u010denstv\u00e1, v\u00a0ktor\u00fdch \u017eij\u00fa.<\/p>\n<p><strong>Prv\u00e9 pocity niektor\u00fdch nov\u00fdch obl\u00e1tov:<\/strong><\/p>\n<p><strong>Miriam:<\/strong> \u010eakujem Bohu, \u017ee mi bolo dopriate sta\u0165 sa \u010dlenom tohto spolo\u010denstva. \u013dud\u00ed, ktor\u00ed sa sna\u017eia ma\u0165 svoj \u017eivot v rovnov\u00e1he medzi modlitbou a pr\u00e1cou a ktor\u00ed svoju ka\u017edodenn\u00fa pr\u00edtomnos\u0165\u00a0 vkladaj\u00fa do Bo\u017e\u00edch r\u00fak. A \u010fakujem aj v\u00e1m, mil\u00ed moji obl\u00e1ti, \u017ee m\u00f4\u017eem kr\u00e1\u010da\u0165 po tejto ceste\u00a0 \u00a0Bo\u017e\u00edch prik\u00e1zan\u00ed spolu s vami.<\/p>\n<p><strong>Em\u00edlia:<\/strong> Obl\u00e1tske pr\u00eds\u013euby ma priviedli do rodiny obl\u00e1tov. Ver\u00edm, \u017ee budeme spolo\u010dne pre seba povzbuden\u00edm. Z\u00e1rove\u0148 vn\u00edmam pr\u00eds\u013euby ako z\u00e1v\u00e4zok a pozvanie na ka\u017edodenn\u00e9 obr\u00e1tenie.<\/p>\n<p><strong>Monika:<\/strong> Splnila sa hlbok\u00e1 t\u00fa\u017eba m\u00f4jho srdca a\u00a0v\u00a0mojej du\u0161i vl\u00e1dol vn\u00fatorn\u00fd pokoj a\u00a0tich\u00e9 \u0161\u0165astie. Tich\u00e9 \u0161\u0165astie preto, lebo sa mi nechcelo robi\u0165 ni\u010d navonok napr. ako kr\u00e1\u013e D\u00e1vid, ke\u010f tancoval pred Archou. Chcela som iba BY\u0164, ako to urobila Laz\u00e1rova sestra M\u00e1ria, ke\u010f si sadla k\u00a0Je\u017ei\u0161ov\u00fdm noh\u00e1m a\u00a0po\u010d\u00favala.<\/p>\n<p><strong>Daniel:<\/strong> Ve\u013emi sa te\u0161\u00edm z toho, \u017ee som sa mohol sta\u0165 Benedikt\u00ednskym obl\u00e1tom. Sv\u00e4t\u00fd Benedikt a jeho spiritualita ma pri\u0165ahoval u\u017e pomerne ve\u013ea rokov, tak\u017ee hne\u010f, ako som zistil, \u017ee t\u00e1to mo\u017enos\u0165 je a ako sme sa s\u00a0man\u017eelkou M\u00e1riou za\u010dali z\u00fa\u010dast\u0148ova\u0165 pr\u00edpravy, bol som &#8222;ako doma&#8220;. \u010eakujem P\u00e1novi za to, \u017ee ma sem priviedol, a v\u0161etk\u00fdm benedikt\u00ednom (zvl\u00e1\u0161\u0165 o. Jozefovi) i v\u0161etk\u00fdm obl\u00e1tom \u010fakujem za &#8222;prijatie do rodiny&#8220;.<\/p>\n<p><a href=\"https:\/\/goo.gl\/photos\/qcfc3KCA4vtPoQso9\"><strong>Foto &#8211; obl\u00e1tka Erika<\/strong><\/a><\/p>\n<p>&nbsp;<\/p>\n","protected":false},"excerpt":{"rendered":"<p>Obl\u00e1tka Erika 11. j\u00fal 2017 bol pre na\u0161e obl\u00e1tske spolo\u010denstvo nov\u00fdm historick\u00fdm medzn\u00edkom. Do obl\u00e1tskej komunity pribudli 5 nov\u00ed \u010dlenovia. Po\u010das sl\u00e1vnosti sv. Benedikta v\u00a0kl\u00e1\u0161tore Premenenia P\u00e1na zlo\u017eili do r\u00fak otca priora Vladim\u00edra Kasana obl\u00e1tske pr\u00eds\u013euby Daniel Volek, Miriam Faglicov\u00e1, Em\u00edlia P\u00fa\u010dekov\u00e1, \u013dubica Sedlick\u00e1 a\u00a0Monika \u010cunderl\u00edkov\u00e1. Nov\u00ed obl\u00e1ti prijali od\u00a0 otca priora regulu sv. Benedikta, [&hellip;]<\/p>\n","protected":false},"author":2,"featured_media":0,"comment_status":"open","ping_status":"open","sticky":false,"template":"","format":"standard","meta":{"footnotes":""},"categories":[1],"tags":[],"class_list":["post-489","post","type-post","status-publish","format-standard","hentry","category-nezaradene"],"_links":{"self":[{"href":"https:\/\/oblati.benediktini.sk\/index.php?rest_route=\/wp\/v2\/posts\/489","targetHints":{"allow":["GET"]}}],"collection":[{"href":"https:\/\/oblati.benediktini.sk\/index.php?rest_route=\/wp\/v2\/posts"}],"about":[{"href":"https:\/\/oblati.benediktini.sk\/index.php?rest_route=\/wp\/v2\/types\/post"}],"author":[{"embeddable":true,"href":"https:\/\/oblati.benediktini.sk\/index.php?rest_route=\/wp\/v2\/users\/2"}],"replies":[{"embeddable":true,"href":"https:\/\/oblati.benediktini.sk\/index.php?rest_route=%2Fwp%2Fv2%2Fcomments&post=489"}],"version-history":[{"count":4,"href":"https:\/\/oblati.benediktini.sk\/index.php?rest_route=\/wp\/v2\/posts\/489\/revisions"}],"predecessor-version":[{"id":497,"href":"https:\/\/oblati.benediktini.sk\/index.php?rest_route=\/wp\/v2\/posts\/489\/revisions\/497"}],"wp:attachment":[{"href":"https:\/\/oblati.benediktini.sk\/index.php?rest_route=%2Fwp%2Fv2%2Fmedia&parent=489"}],"wp:term":[{"taxonomy":"category","embeddable":true,"href":"https:\/\/oblati.benediktini.sk\/index.php?rest_route=%2Fwp%2Fv2%2Fcategories&post=489"},{"taxonomy":"post_tag","embeddable":true,"href":"https:\/\/oblati.benediktini.sk\/index.php?rest_route=%2Fwp%2Fv2%2Ftags&post=489"}],"curies":[{"name":"wp","href":"https:\/\/api.w.org\/{rel}","templated":true}]}}