{"id":484,"date":"2017-08-03T21:33:55","date_gmt":"2017-08-03T19:33:55","guid":{"rendered":"https:\/\/oblati.benediktini.sk\/?p=484"},"modified":"2017-08-03T21:44:07","modified_gmt":"2017-08-03T19:44:07","slug":"letne-stretnutie-oblatov-v-byvalom-klastore-benediktinov-v-bacurove","status":"publish","type":"post","link":"https:\/\/oblati.benediktini.sk\/?p=484","title":{"rendered":"Letn\u00e9 stretnutie obl\u00e1tov v b\u00fdvalom kl\u00e1\u0161tore benedikt\u00ednov v Bac\u00farove"},"content":{"rendered":"<p style=\"text-align: left;\"><strong>Obl\u00e1ti Erika a Milo\u0161<\/strong><\/p>\n<p style=\"text-align: left;\">Druh\u00fd pr\u00e1zdninov\u00fd j\u00falov\u00fd\u00a0 v\u00edkend, od 6. do 9. j\u00fala, sa v\u00a0Bac\u00farove uskuto\u010dnilo pl\u00e1novan\u00e9\u00a0\u00a0 <a href=\"https:\/\/oblati.benediktini.sk\/wp-content\/uploads\/2017\/08\/sobotnaj\u0161\u00ed-fajront-5.jpg\" data-rel=\"lightbox-image-0\" data-rl_title=\"\" data-rl_caption=\"\" title=\"\"><img loading=\"lazy\" decoding=\"async\" class=\"wp-image-485 alignright\" src=\"https:\/\/oblati.benediktini.sk\/wp-content\/uploads\/2017\/08\/sobotnaj\u0161\u00ed-fajront-5-300x199.jpg\" alt=\"\" width=\"317\" height=\"210\" srcset=\"https:\/\/oblati.benediktini.sk\/wp-content\/uploads\/2017\/08\/sobotnaj\u0161\u00ed-fajront-5-300x199.jpg 300w, https:\/\/oblati.benediktini.sk\/wp-content\/uploads\/2017\/08\/sobotnaj\u0161\u00ed-fajront-5-768x510.jpg 768w, https:\/\/oblati.benediktini.sk\/wp-content\/uploads\/2017\/08\/sobotnaj\u0161\u00ed-fajront-5-1024x680.jpg 1024w\" sizes=\"auto, (max-width: 317px) 100vw, 317px\" \/><\/a>letn\u00e9 stretnutie obl\u00e1tov a\u00a0ich rod\u00edn. Tento rok sme pozvali u\u017e aj kandid\u00e1tov, ktor\u00ed o\u00a0p\u00e1r dn\u00ed zlo\u017eili pr\u00eds\u013euby a\u00a0stali sa s\u00fa\u010das\u0165ou na\u0161ej obl\u00e1tskej rodiny.\u00a0 Kv\u00f4li rodinn\u00fdm povinnostiam ve\u013ea obl\u00e1tov nemohlo pr\u00eds\u0165. Vyskytol sa e\u0161te \u010fal\u0161\u00ed probl\u00e9m: ne\u010dakan\u00e1 porucha\u00a0 vodn\u00e9ho \u010derpadla sp\u00f4sobila prev\u00e1dzku domu v\u00a0Bac\u00farove\u00a0 v\u00a0obmedzenom re\u017eime \u201ebez vody\u201c, a\u00a0to odradilo \u010fal\u0161\u00edch,\u00a0 ktor\u00ed pl\u00e1novali pr\u00eds\u0165.<\/p>\n<p><!--more--><\/p>\n<p>Tento rok, podobne ako minul\u00fd, sme sa\u00a0 my, obl\u00e1ti, spolu s\u00a0na\u0161im starostliv\u00fdm otcom Jozefom, pon\u00fakli urobi\u0165 z\u00e1kladn\u00fa \u00fapravu okolia a\u00a0poriadok v\u00a0b\u00fdvalom kl\u00e1\u0161tore benedikt\u00ednov v\u00a0Bac\u00farove pri Zvolene, ktor\u00e1 je moment\u00e1lne nevyu\u017e\u00edvan\u00e1.<\/p>\n<p>Prv\u00fd de\u0148 vo \u0161tvrtok 6. 7. do Bac\u00farova dorazili poobede\u00a0 \u010dlenovia \u201eprvo\u00faderky\u201c otec Jozef, Daniel a\u00a0Milo\u0161.\u00a0 Milo\u0161 spom\u00edna: \u201ePokosili sme tr\u00e1vu a\u00a0ve\u010der sme sa um\u00fdvali pod hadicou v\u00a0studenej vode, preto\u017ee v\u00a0tom \u010dase nebolo spojazdnen\u00e9 vodovodn\u00e9 \u010derpadlo. Tak\u017ee\u00a0 takto poriadne vysprchovan\u00ed vonku na dvore, sme sa usadili k\u00a0ve\u010deri, ktor\u00e1 bola improvizovane pripraven\u00e1 mu\u017esk\u00fdm osadenstvom a\u00a0pri ve\u010deri sme po\u010d\u00favali k\u00e1ze\u0148 slovensk\u00e9ho biskupa D\u00e1vida Tencera p\u00f4sobiaceho na Islande.\u00a0 My\u0161lienky z\u00a0tejto hom\u00edlie n\u00e1m v\u00edrili v mysli h\u00e1dam cel\u00fd \u010das, k\u00fdm sme boli\u00a0 v\u00a0Bac\u00farove, preto\u017ee sme o\u00a0nich \u010dasto diskutovali. Po ve\u0161per\u00e1ch sme dohodli program na \u010fal\u0161\u00ed de\u0148 a\u00a0pobrali sa\u00a0 spa\u0165. Nov\u00fd de\u0148 sme za\u010dali o \u0161iestej modlitbou posv\u00e4tn\u00e9ho \u010d\u00edtania a\u00a0po nej\u00a0sv\u00e4tou om\u0161ou spojenou<br \/>\ns rann\u00fdmi chv\u00e1lami. Pri sv. om\u0161i sme\u00a0 zasv\u00e4tili pr\u00e1cu nov\u00e9ho d\u0148a za na\u0161ich spolubratov a\u00a0sestry obl\u00e1tskej rodiny a\u00a0za v\u0161etk\u00fdch, ktor\u00ed to potrebuj\u00fa.\u201c<\/p>\n<p>V\u00a0piatok 7.7. r\u00e1no posilnila spolo\u010denstvo \u013dubka. Preto\u017ee kuch\u00e1rka \u201eMonika\u201c n\u00e1hle ochorela, \u013dubka sa ujala kuchyne, \u010domu sa mu\u017esk\u00e9 osadenstvo pote\u0161ilo. Otec Jozef sa prvom rade sna\u017eil zabezpe\u010di\u0165 opravu \u010derpadla, popritom kosil, \u010do bolo e\u0161te potrebn\u00e9. Milo\u0161 si \u00faspe\u0161ne vysk\u00fa\u0161al jazdu na malom traktore, ktor\u00fd im po\u017ei\u010dal bac\u00farovsk\u00fd kostoln\u00edk \u013dubo. Chlapi pokra\u010dovali vo zv\u00e1\u017ean\u00ed sena. Pr\u00e1cu preru\u0161ila okolo obeda\u00a0 n\u00e1hla b\u00farka. V\u00a0najv\u00e4\u010d\u0161om lejaku som pri\u0161la autobusom ja, Erika. Museli pr\u00eds\u0165 po m\u0148a autom,\u00a0 preto\u017ee by som premokla do nitky. Po chutnom obede, samporskej polievke, \u00a0\u0161paget\u00e1ch, k\u00e1ve a\u00a0z\u00e1kusku, prestalo pr\u0161a\u0165 a\u00a0my sme pokra\u010dovali vo zv\u00e1\u017ean\u00ed sena. Slnko poriadne prihrievalo, tak n\u00e1s pri pr\u00e1ci oblieval vlastn\u00fd pot.\u00a0 V\u00a0ten de\u0148 sme zhrabali a\u00a0zviezli takmer\u00a0 v\u0161etku pokosen\u00fa tr\u00e1vu. Preto\u017ee voda st\u00e1le netiekla, otec Jozef n\u00e1s porozde\u013eoval do nieko\u013ek\u00fdch bac\u00farovsk\u00fdch rod\u00edn, ktor\u00e9 n\u00e1m ochotne umo\u017enili osprchova\u0165 sa. Po\u010das ve\u010dere sme po\u010d\u00favali Lectio divina na povzbudenie ducha a po ve\u0161per\u00e1ch sme sa usadili a\u00a0rozpr\u00e1vali do neskorej noci. Dozvedeli sme sa zauj\u00edmav\u00e9 inform\u00e1cie od otca Jozefa o\u00a0za\u010diatkoch a\u00a0stavbe tohto kl\u00e1\u0161tora a\u00a0Daniel n\u00e1m rozpr\u00e1val z\u00e1\u017eitky\u00a0 z\u00a0p\u00fate do Compostely, na ktorej str\u00e1vil 35 dn\u00ed so svoj\u00edm 14-ro\u010dn\u00fdm synom.<\/p>\n<p>V\u00a0sobotu 8. 7. sme mali rovnak\u00fd program ako v\u00a0piatok, o\u00a06:00 sme de\u0148 za\u010dali modlitbou posv\u00e4tn\u00e9ho \u010d\u00edtania, po modlitbe nasledovala sv. om\u0161a spojen\u00e1 s\u00a0rann\u00fdmi chv\u00e1lami. \u010cerstv\u00e9 pe\u010divo na ra\u0148ajky a\u00a0e\u0161te v\u0161elijak\u00e9 in\u00e9 dobroty pod zub n\u00e1m doviezli Emka s\u00a0Mirkou. Posilnen\u00ed v\u00fddatn\u00fdmi ra\u0148ajkami sme sa pustili do \u010fal\u0161ej pr\u00e1ce. Vonku n\u00e1s \u010dakali zarasten\u00e9\u00a0 chodn\u00edky, zv\u00e1\u017eanie pokosenej tr\u00e1vy, \u00a0odstra\u0148ovanie buriny, vo vn\u00fatri bolo treba uprata\u0165\u00a0 cel\u00fa budovu. Milo\u0161 pred obedom odi\u0161iel na rodinn\u00fa oslavu av\u0161ak pri\u0161la Dada, tak\u017ee po\u010det os\u00f4b ostal nezmenen\u00fd. Doobeda sa napokon p\u00e1r \u0161ikovn\u00fdm Bac\u00farov\u010danom a\u00a0otcovi Jozefovi kone\u010dne podarilo opravi\u0165 \u010derpadlo, tak\u017ee n\u00e1m za\u010dala tiec\u0165 voda. Hur\u00e1\u00e1!\u00a0 O\u00a017:00 sme pl\u00e1novali ukon\u010di\u0165 pr\u00e1cu. Ke\u010f\u017ee roboty cez de\u0148 bolo to\u013eko, \u017ee sme nest\u00edhali Lectio divina, tak takmer hodinu sme str\u00e1vili po\u010d\u00favan\u00edm textov a uva\u017eovan\u00edm o\u00a0Bo\u017eej m\u00fadrosti z\u00a0Knihy m\u00fadrosti, ktor\u00e9 n\u00e1m \u010d\u00edtala \u013dubka a a\u00a0my ostatn\u00ed sme z\u00e1rove\u0148 \u010distili z\u00e1mkov\u00fa dla\u017ebu na parkovisku vo dvore b\u00fdval\u00e9ho kl\u00e1\u0161tora. Po pre\u010d\u00edtan\u00ed sme v\u00a0tichosti uva\u017eovali nad vypo\u010dut\u00fdm textom. Po\u010du\u0165 bolo len \u0161krabanie mot\u00fdk, klincov, a\u00a0in\u00fdch ostr\u00fdch predmetov, ktor\u00fdmi sme odstra\u0148ovali burinu z\u00a0dla\u017eby. Potom nasledovalo spolo\u010dn\u00e9 zdie\u013eanie po\u010das pr\u00e1ce a\u017e k\u00fdm sme nedosiahli stanoven\u00fa hranicu vy\u010distenej plochy. Po pr\u00e1ci a\u00a0osobnej hygiene sme sa pomodlili ve\u0161pery a\u00a0prijali sme pozvanie na grilova\u010dku do rodiny\u00a0Petra a\u00a0Katky\u00a0 v Bac\u00farove. Dom\u00e1ci n\u00e1s nak\u0155mili v\u0161elijak\u00fdmi dobrotami a\u00a0\u0161pecialitami. Oni, aj ich hostia, s\u00a0nostalgiou spom\u00ednali na \u010dasy, ke\u010f benedikt\u00ednski mn\u00edsi p\u00f4sobili v\u00a0ich dedine.\u00a0 Mirka a\u00a0Emka\u00a0 e\u0161te ve\u010der odi\u0161li domov. Po n\u00e1vrate z\u00a0grilova\u010dky sme sa pomodlili Komplet\u00f3rium a\u00a0kto chcel a vl\u00e1dal, mohol si pozrie\u0165 film o\u00a0putovan\u00ed do Santiaga de Compostely.<\/p>\n<p>V\u00a0nede\u013eu 9.7.\u00a0 v noci o\u00a0tretej sme mali no\u010dn\u00e9 vig\u00edlie a\u00a0o\u00a07:00 sv. om\u0161u s\u00a0rann\u00fdmi chv\u00e1lami. Po ra\u0148ajk\u00e1ch som ja, Erika, odi\u0161la. Skaln\u00ed, \u010do zostali, v\u00a0zlo\u017een\u00ed: otec Jozef, Daniel, \u013dubka a\u00a0Dada si doobeda urobili kr\u00e1tku t\u00faru na \u010certovu skalu. Po\u010dasie im prialo, pre\u017eili pekn\u00fd \u010das uprostred pr\u00edrody &#8211; najkraj\u0161ieho Bo\u017eieho chr\u00e1mu, trochu\u00a0 si odd\u00fdchli po nam\u00e1hav\u00fdch d\u0148och naplnen\u00fdch pr\u00e1cou<br \/>\nv Bac\u00farove. Po t\u00fare,\u00a0 okolo obeda, sa\u00a0 v\u0161etci rozi\u0161li\u00a0 k svojim rodin\u00e1m.<\/p>\n<p>D\u00fafam, \u017ee nik zo z\u00fa\u010dastnen\u00fdch na tejto akcii ne\u013eutoval \u010das str\u00e1ven\u00fd\u00a0 v\u00a0Bac\u00farove, napriek unaven\u00fdm \u00fadom n\u00e1\u0161ho tela. Poh\u013ead na z\u00a0\u010dasti upraven\u00e9 okolie domu a vy\u010disten\u00fd\u00a0a\u00a0upratan\u00fd interi\u00e9r domu sved\u010dili o\u00a0tom, \u017ee sme nezah\u00e1\u013eali a dom sme pripravili tak, \u017ee do\u0148 v\u00a0utorok mohli pr\u00eds\u0165 deti z\u00a0farnosti Bud\u010da na t\u00fd\u017edenn\u00fd letn\u00fd pobyt. Na\u0161u spolo\u010dn\u00fa pr\u00e1cu sme posv\u00e4tili modlitbou a\u00a0obetou, s\u00a0vedom\u00edm , \u017ee sme urobili nie\u010do u\u017eito\u010dn\u00e9 a\u00a0pomohli, aby dom mohol \u010falej \u017ei\u0165 a sl\u00fa\u017ei\u0165.<\/p>\n<p>Na z\u00e1ver zhodnotenie Milo\u0161a:<\/p>\n<p>\u201eVe\u013emi sa te\u0161\u00edm , \u017ee sa n\u00e1m podarilo stretn\u00fa\u0165 v\u00a0takomto vo\u013enej\u0161om re\u017eime, preto\u017ee sme mali viac \u010dasu sa bli\u017e\u0161ie spozna\u0165, ke\u010f\u017ee sa bl\u00ed\u017eili pr\u00eds\u013euby nov\u00fdch obl\u00e1tov. Je mi \u013e\u00fato , \u017ee sa nepodarilo pr\u00eds\u0165 v\u0161etk\u00fdm , ale ver\u00edm , \u017ee tak\u00e9to stretnutia bud\u00fa pokra\u010dova\u0165 aj v\u00a0bud\u00facnosti a\u00a0obl\u00e1tska rodina bude m\u00f4c\u0165 by\u0165 u\u017eito\u010dn\u00e1 aj pre druh\u00fdch.<\/p>\n<p><strong><a href=\"https:\/\/goo.gl\/photos\/nb8Y81CVB5CgWwma9\">Foto\u00a0 \u00a0\u00a0 &#8211;\u00a0 obl\u00e1tka Erika<\/a><\/strong><\/p>\n<p>&nbsp;<\/p>\n<p>&nbsp;<\/p>\n<p>&nbsp;<\/p>\n","protected":false},"excerpt":{"rendered":"<p>Obl\u00e1ti Erika a Milo\u0161 Druh\u00fd pr\u00e1zdninov\u00fd j\u00falov\u00fd\u00a0 v\u00edkend, od 6. do 9. j\u00fala, sa v\u00a0Bac\u00farove uskuto\u010dnilo pl\u00e1novan\u00e9\u00a0\u00a0 letn\u00e9 stretnutie obl\u00e1tov a\u00a0ich rod\u00edn. Tento rok sme pozvali u\u017e aj kandid\u00e1tov, ktor\u00ed o\u00a0p\u00e1r dn\u00ed zlo\u017eili pr\u00eds\u013euby a\u00a0stali sa s\u00fa\u010das\u0165ou na\u0161ej obl\u00e1tskej rodiny.\u00a0 Kv\u00f4li rodinn\u00fdm povinnostiam ve\u013ea obl\u00e1tov nemohlo pr\u00eds\u0165. Vyskytol sa e\u0161te \u010fal\u0161\u00ed probl\u00e9m: ne\u010dakan\u00e1 porucha\u00a0 vodn\u00e9ho [&hellip;]<\/p>\n","protected":false},"author":2,"featured_media":0,"comment_status":"open","ping_status":"open","sticky":false,"template":"","format":"standard","meta":{"footnotes":""},"categories":[3],"tags":[],"class_list":["post-484","post","type-post","status-publish","format-standard","hentry","category-aktuality"],"_links":{"self":[{"href":"https:\/\/oblati.benediktini.sk\/index.php?rest_route=\/wp\/v2\/posts\/484","targetHints":{"allow":["GET"]}}],"collection":[{"href":"https:\/\/oblati.benediktini.sk\/index.php?rest_route=\/wp\/v2\/posts"}],"about":[{"href":"https:\/\/oblati.benediktini.sk\/index.php?rest_route=\/wp\/v2\/types\/post"}],"author":[{"embeddable":true,"href":"https:\/\/oblati.benediktini.sk\/index.php?rest_route=\/wp\/v2\/users\/2"}],"replies":[{"embeddable":true,"href":"https:\/\/oblati.benediktini.sk\/index.php?rest_route=%2Fwp%2Fv2%2Fcomments&post=484"}],"version-history":[{"count":3,"href":"https:\/\/oblati.benediktini.sk\/index.php?rest_route=\/wp\/v2\/posts\/484\/revisions"}],"predecessor-version":[{"id":488,"href":"https:\/\/oblati.benediktini.sk\/index.php?rest_route=\/wp\/v2\/posts\/484\/revisions\/488"}],"wp:attachment":[{"href":"https:\/\/oblati.benediktini.sk\/index.php?rest_route=%2Fwp%2Fv2%2Fmedia&parent=484"}],"wp:term":[{"taxonomy":"category","embeddable":true,"href":"https:\/\/oblati.benediktini.sk\/index.php?rest_route=%2Fwp%2Fv2%2Fcategories&post=484"},{"taxonomy":"post_tag","embeddable":true,"href":"https:\/\/oblati.benediktini.sk\/index.php?rest_route=%2Fwp%2Fv2%2Ftags&post=484"}],"curies":[{"name":"wp","href":"https:\/\/api.w.org\/{rel}","templated":true}]}}