{"id":433,"date":"2017-03-08T21:42:18","date_gmt":"2017-03-08T19:42:18","guid":{"rendered":"https:\/\/oblati.benediktini.sk\/?p=433"},"modified":"2017-03-13T14:44:18","modified_gmt":"2017-03-13T12:44:18","slug":"pozvanka","status":"publish","type":"post","link":"https:\/\/oblati.benediktini.sk\/?p=433","title":{"rendered":"Pozv\u00e1nka"},"content":{"rendered":"<p>Poz\u00fdvame nov\u00fdch z\u00e1ujemcov pre vstup k obl\u00e1tom n\u00e1\u0161ho kl\u00e1\u0161<a href=\"https:\/\/oblati.benediktini.sk\/wp-content\/uploads\/2017\/03\/home.jpg\" data-rel=\"lightbox-image-0\" data-rl_title=\"\" data-rl_caption=\"\" title=\"\"><img loading=\"lazy\" decoding=\"async\" class=\"wp-image-437 alignright\" src=\"https:\/\/oblati.benediktini.sk\/wp-content\/uploads\/2017\/03\/home-300x228.jpg\" alt=\"\" width=\"203\" height=\"154\" srcset=\"https:\/\/oblati.benediktini.sk\/wp-content\/uploads\/2017\/03\/home-300x228.jpg 300w, https:\/\/oblati.benediktini.sk\/wp-content\/uploads\/2017\/03\/home.jpg 434w\" sizes=\"auto, (max-width: 203px) 100vw, 203px\" \/><\/a>tora v Sampore.<\/p>\n<p><strong>11.3. a 1.4. 2017<\/strong><\/p>\n<p>Bude mo\u017enos\u0165 sa z\u00fa\u010dastni\u0165 na forma\u010dnom stretnut\u00ed kandid\u00e1tov, ktor\u00ed sa pripravuj\u00fa na zlo\u017eenie svojich pr\u00eds\u013eubov. T\u00fdm sa za\u010dlenia do st\u00e1le rozv\u00edjaj\u00facej sa komunity na\u0161ich obl\u00e1tov.<\/p>\n<p><!--more--><\/p>\n<p>Program, ktor\u00fd v\u00e1s \u010dak\u00e1 je o vz\u00e1jomnom stretnut\u00ed a spolo\u010dnej modlitbe.<\/p>\n<p>14.40 konferencia 9 stretnutia<br \/>\n15.45 Eucharistick\u00e1 ador\u00e1cia<br \/>\n17.00 Ve\u0161pery a po nich z\u00e1ver<br \/>\nPros\u00edm nap\u00ed\u0161te mi mail : \u00a0<a href=\"mailto:jozef@benediktini.sk\"> jozef@benediktini.sk<\/a><br \/>\nalebo zavolajte na \u010d\u00edslo 0904 738 799<br \/>\nR\u00e1d sa priprav\u00edm na stretnutie s vami.<\/p>\n<p>o. Jozef Brod\u0148ansk\u00fd OSB\u00a0 (moder\u00e1tor obl\u00e1tov)<\/p>\n","protected":false},"excerpt":{"rendered":"<p>Poz\u00fdvame nov\u00fdch z\u00e1ujemcov pre vstup k obl\u00e1tom n\u00e1\u0161ho kl\u00e1\u0161tora v Sampore. 11.3. a 1.4. 2017 Bude mo\u017enos\u0165 sa z\u00fa\u010dastni\u0165 na forma\u010dnom stretnut\u00ed kandid\u00e1tov, ktor\u00ed sa pripravuj\u00fa na zlo\u017eenie svojich pr\u00eds\u013eubov. T\u00fdm sa za\u010dlenia do st\u00e1le rozv\u00edjaj\u00facej sa komunity na\u0161ich obl\u00e1tov.<\/p>\n","protected":false},"author":2,"featured_media":0,"comment_status":"open","ping_status":"open","sticky":false,"template":"","format":"standard","meta":{"footnotes":""},"categories":[3],"tags":[],"class_list":["post-433","post","type-post","status-publish","format-standard","hentry","category-aktuality"],"_links":{"self":[{"href":"https:\/\/oblati.benediktini.sk\/index.php?rest_route=\/wp\/v2\/posts\/433","targetHints":{"allow":["GET"]}}],"collection":[{"href":"https:\/\/oblati.benediktini.sk\/index.php?rest_route=\/wp\/v2\/posts"}],"about":[{"href":"https:\/\/oblati.benediktini.sk\/index.php?rest_route=\/wp\/v2\/types\/post"}],"author":[{"embeddable":true,"href":"https:\/\/oblati.benediktini.sk\/index.php?rest_route=\/wp\/v2\/users\/2"}],"replies":[{"embeddable":true,"href":"https:\/\/oblati.benediktini.sk\/index.php?rest_route=%2Fwp%2Fv2%2Fcomments&post=433"}],"version-history":[{"count":8,"href":"https:\/\/oblati.benediktini.sk\/index.php?rest_route=\/wp\/v2\/posts\/433\/revisions"}],"predecessor-version":[{"id":443,"href":"https:\/\/oblati.benediktini.sk\/index.php?rest_route=\/wp\/v2\/posts\/433\/revisions\/443"}],"wp:attachment":[{"href":"https:\/\/oblati.benediktini.sk\/index.php?rest_route=%2Fwp%2Fv2%2Fmedia&parent=433"}],"wp:term":[{"taxonomy":"category","embeddable":true,"href":"https:\/\/oblati.benediktini.sk\/index.php?rest_route=%2Fwp%2Fv2%2Fcategories&post=433"},{"taxonomy":"post_tag","embeddable":true,"href":"https:\/\/oblati.benediktini.sk\/index.php?rest_route=%2Fwp%2Fv2%2Ftags&post=433"}],"curies":[{"name":"wp","href":"https:\/\/api.w.org\/{rel}","templated":true}]}}