{"id":402,"date":"2017-01-22T21:26:19","date_gmt":"2017-01-22T19:26:19","guid":{"rendered":"https:\/\/oblati.benediktini.sk\/?p=402"},"modified":"2017-01-22T21:31:29","modified_gmt":"2017-01-22T19:31:29","slug":"duchovne-cvicenie-o-nebeskom-rebriku","status":"publish","type":"post","link":"https:\/\/oblati.benediktini.sk\/?p=402","title":{"rendered":"Duchovn\u00e9 cvi\u010denie o  &#8222;nebeskom rebr\u00edku&#8220;"},"content":{"rendered":"<p><strong>Obl\u00e1tka Erika<br \/>\n<\/strong><\/p>\n<p>U\u017e v\u00a0prvom t\u00fd\u017edni nov\u00e9ho roka 2017 n\u00e1m matersk\u00fd kl\u00e1\u0161tor benedikt\u00ednskych mn\u00edchov<br \/>\nv Sampore\u00a0 umo\u017enil posilni\u0165 sa\u00a0 na duchu i\u00a0na tele\u00a0 duchovn\u00fdmi cvi\u010deniami. Pln\u00e9 tri dni (od 5.1. ve\u010dera do 8.1. obeda) sme pre\u017e\u00edvali e\u0161te viano\u010dn\u00fa atmosf\u00e9ru kl\u00e1\u0161tora, d\u00fdchali \u010derstv\u00fd sampo<a href=\"https:\/\/oblati.benediktini.sk\/wp-content\/uploads\/2017\/01\/v\u0161etci-okrem-Milo\u0161a.jpg\" data-rel=\"lightbox-image-0\" data-rl_title=\"\" data-rl_caption=\"\" title=\"\"><img loading=\"lazy\" decoding=\"async\" class=\" wp-image-403 alignright\" src=\"https:\/\/oblati.benediktini.sk\/wp-content\/uploads\/2017\/01\/v\u0161etci-okrem-Milo\u0161a-300x240.jpg\" alt=\"\" width=\"266\" height=\"213\" srcset=\"https:\/\/oblati.benediktini.sk\/wp-content\/uploads\/2017\/01\/v\u0161etci-okrem-Milo\u0161a-300x240.jpg 300w, https:\/\/oblati.benediktini.sk\/wp-content\/uploads\/2017\/01\/v\u0161etci-okrem-Milo\u0161a-768x615.jpg 768w, https:\/\/oblati.benediktini.sk\/wp-content\/uploads\/2017\/01\/v\u0161etci-okrem-Milo\u0161a.jpg 883w\" sizes=\"auto, (max-width: 266px) 100vw, 266px\" \/><\/a>rsk\u00fd vzduch a\u00a0pookriali v\u00a0spolo\u010denstve\u00a0mn\u00edchov aj n\u00e1s obl\u00e1tov.\u00a0 Cel\u00fdch 24 hod\u00edn po\u010das d\u0148a sme sa mohli plne venova\u0165 sebe, preto\u017ee o\u00a0 na\u0161u telesn\u00fa schr\u00e1nku sa s\u00a0ve\u013ekou starostlivos\u0165ou postarali bratia a\u00a0otcovia benedikt\u00edni a\u00a0duchovn\u00fd program n\u00e1m zabezpe\u010doval otec podprior Jozef Brod\u0148ansk\u00fd OSB, ktor\u00fd viedol duchovn\u00e9 cvi\u010denia. Pozvanie na duchovn\u00e9 cvi\u010denia\u00a0 z\u00a0n\u00e1s prijali Milo\u0161 K., Tom\u00e1\u0161 V., Rado B.,Ani\u010dka D., Dada H., Erika L., Janko M. s\u00a0man\u017eelkou Darinkou, Luk\u00e1\u0161 K. s\u00a0man\u017eelkou Jankou a\u00a0Dominika M. s\u00a0mal\u00fdm syn\u010dekom Benjam\u00ednom.<\/p>\n<p><!--more--><\/p>\n<p>T\u00e9mou tohtoro\u010dn\u00fdch duchovn\u00fdch cvi\u010den\u00ed bola\u00a0 \u201eModlitba\u201c &#8211;\u00a0 ako 28. prie\u010dka Nebesk\u00e9ho rebr\u00edka pod\u013ea J\u00e1na Klimaka. Po\u010das piatich kr\u00e1tkych, ale duchovne bohat\u00fdch predn\u00e1\u0161ok o. Jozefa,\u00a0 sme zistili,\u00a0 \u010do je a\u00a0\u010do nie je modlitba, ak\u00e9 n\u00e1strahy m\u00f4\u017eeme pri modlitbe \u010daka\u0165, ak\u00e9 ovocia prin\u00e1\u0161a \u010dist\u00e1 modlitba a\u00a0ve\u013ea \u010fal\u0161\u00edch r\u00e1d ako sa dobre modli\u0165. V\u0161etko to a\u00a0e\u0161te mno\u017estvo in\u00fdch t\u00e9z o\u00a0modlitbe pod\u013ea J\u00e1na Klimaka bolo predmetom na\u0161ich osobn\u00fdch uva\u017eovan\u00ed po\u010das osobn\u00e9ho vo\u013ena.<\/p>\n<p>Otec Jozef v\u00a0\u00favode cvi\u010den\u00ed poznamenal: \u201eM\u00e1te 3 hodiny doobeda a\u00a0tri hodiny poobede\u00a0 iba pre seba. Venujte 1 hodinu duchov\u00e9mu \u010d\u00edtaniu, 1 hodinu modlitbe a\u00a01 hodinu pobytu na \u010derstvom vzduchu za ka\u017ed\u00e9ho po\u010dasia. Sna\u017ete sa, \u010do najviac \u010dasu pre\u017ei\u0165 v\u00a0silenciu. \u201c\u00a0 Povieme si: \u201e Idem na duchovn\u00e9 cvi\u010denia, odd\u00fdchnem si. \u201c Ale vyplni\u0165 (komu ako sa dalo) program ka\u017ed\u00e9ho d\u0148a n\u00e1m dalo poriadne zabra\u0165. Aj prech\u00e1dzka v\u00a0okol\u00ed kl\u00e1\u0161tora bola niekedy\u00a0 nam\u00e1hav\u00e1, preto\u017ee sme v\u00a0Sampore pre\u017eili arktick\u00fa trojkr\u00e1\u013eov\u00fa\u00a0 zimu s\u00a0vetrom ako na pol\u00e1rnom kruhu. O\u00a0to viac sme si v\u00e1\u017eili teplo kl\u00e1\u0161torn\u00fdch priestorov. Mali sme mo\u017enos\u0165 z\u00fa\u010dastni\u0165 sa dvoch no\u010dn\u00fdch vig\u00edlii Zjavenia P\u00e1na a\u00a0nedele Krstu P\u00e1na. Boli sme svedkami ka\u017edoro\u010dn\u00e9ho po\u017eehn\u00e1vania kl\u00e1\u0161torn\u00fdch priestorov na sl\u00e1vnos\u0165 Zjavenia P\u00e1na. Potom n\u00e1s \u010dakal sl\u00e1vnostn\u00fd obed.<\/p>\n<p>Tohtoro\u010dn\u00e9 viano\u010dn\u00e9 obdobie sme ukon\u010dili nede\u013eou Krstu P\u00e1na. V\u00a0dopolud\u0148aj\u0161\u00edch\u00a0 hodin\u00e1ch sme sa spolo\u010dne zdie\u013eali, ako kto pre\u017eil tie tri po\u017eehnan\u00e9 dni.\u00a0 Ka\u017ed\u00fd ich pre\u017e\u00edval vo svojej \u00a0originalite, niekto v\u00a0pokoji, in\u00fd v\u00a0duchovnom boji, objavovan\u00ed vlastn\u00fdch schopnost\u00ed modli\u0165 sa, pre\u017e\u00edvan\u00ed chv\u00ed\u013e so sam\u00fdm sebou, v\u00a0odhalen\u00ed pravdy o\u00a0sebe, \u010do nebolo jednoduch\u00e9 prija\u0165. To v\u0161etko bolo jasn\u00fdm znamen\u00edm Bo\u017eieho\u00a0 po\u017eehnania t\u00fdchto duchovn\u00fdch cvi\u010den\u00ed. Uvedomili sme si, \u017ee skuto\u010dn\u00fd \u017eivot\u00a0 s\u00a0Bohom nie je prech\u00e1dzka ru\u017eovou z\u00e1hradou ale ka\u017edodenn\u00e1 vytrval\u00e1 drina na sebe a\u00a0svojej p\u00fdche. Po nede\u013enej sv. om\u0161i sme si spolo\u010dne posledn\u00fdkr\u00e1t zaspievali viano\u010dn\u00e9 koledy a po sl\u00e1vnostnom obede sme sa rozi\u0161li do na\u0161ich domovov.\u00a0 Dvadsiata \u00f4sma prie\u010dka nebesk\u00e9ho rebr\u00edka pod\u013ea J. Klimaka je ve\u013ekou v\u00fdzvou cvi\u010di\u0165 sa v\u00a0modlitbe, z\u00e1vis\u00ed u\u017e len od n\u00e1s, \u010di ju, a\u00a0do akej miery prijmeme a\u00a0budeme trpezlivo uskuto\u010d\u0148ova\u0165 v\u00a0na\u0161om ka\u017edodennom duchovnom \u017eivote.<\/p>\n<p>\u010eakujeme otcovi Jozefovi za\u00a0 vybratie t\u00e9my a vedenie duchovn\u00fdch cvi\u010den\u00ed, za \u010das str\u00e1ven\u00fd s\u00a0nami v\u00a0osobn\u00fdch rozhovoroch a\u00a0sprostredkovan\u00ed Bo\u017eieho milosrdenstva vo sv. spovediach. Bratom a\u00a0otcom benedikt\u00ednom za to, \u017ee n\u00e1m ni\u010d po\u010das duchovn\u00fdch cvi\u010den\u00ed nech\u00fdbalo. Nech je vo v\u0161etkom osl\u00e1ven\u00fd Boh!<\/p>\n<p><a href=\"https:\/\/goo.gl\/photos\/ppuNbY7qAErQtsju5\">Fotografie\u00a0 &#8211; Obl\u00e1tka Erika \u00a0\u00a0\u00a0\u00a0\u00a0\u00a0\u00a0\u00a0\u00a0\u00a0\u00a0\u00a0\u00a0\u00a0\u00a0\u00a0\u00a0\u00a0\u00a0\u00a0\u00a0\u00a0\u00a0\u00a0\u00a0\u00a0\u00a0\u00a0\u00a0\u00a0 <\/a><\/p>\n<p>&nbsp;<\/p>\n","protected":false},"excerpt":{"rendered":"<p>Obl\u00e1tka Erika U\u017e v\u00a0prvom t\u00fd\u017edni nov\u00e9ho roka 2017 n\u00e1m matersk\u00fd kl\u00e1\u0161tor benedikt\u00ednskych mn\u00edchov v Sampore\u00a0 umo\u017enil posilni\u0165 sa\u00a0 na duchu i\u00a0na tele\u00a0 duchovn\u00fdmi cvi\u010deniami. Pln\u00e9 tri dni (od 5.1. ve\u010dera do 8.1. obeda) sme pre\u017e\u00edvali e\u0161te viano\u010dn\u00fa atmosf\u00e9ru kl\u00e1\u0161tora, d\u00fdchali \u010derstv\u00fd samporsk\u00fd vzduch a\u00a0pookriali v\u00a0spolo\u010denstve\u00a0mn\u00edchov aj n\u00e1s obl\u00e1tov.\u00a0 Cel\u00fdch 24 hod\u00edn po\u010das d\u0148a sme sa [&hellip;]<\/p>\n","protected":false},"author":2,"featured_media":0,"comment_status":"open","ping_status":"open","sticky":false,"template":"","format":"standard","meta":{"footnotes":""},"categories":[3],"tags":[],"class_list":["post-402","post","type-post","status-publish","format-standard","hentry","category-aktuality"],"_links":{"self":[{"href":"https:\/\/oblati.benediktini.sk\/index.php?rest_route=\/wp\/v2\/posts\/402","targetHints":{"allow":["GET"]}}],"collection":[{"href":"https:\/\/oblati.benediktini.sk\/index.php?rest_route=\/wp\/v2\/posts"}],"about":[{"href":"https:\/\/oblati.benediktini.sk\/index.php?rest_route=\/wp\/v2\/types\/post"}],"author":[{"embeddable":true,"href":"https:\/\/oblati.benediktini.sk\/index.php?rest_route=\/wp\/v2\/users\/2"}],"replies":[{"embeddable":true,"href":"https:\/\/oblati.benediktini.sk\/index.php?rest_route=%2Fwp%2Fv2%2Fcomments&post=402"}],"version-history":[{"count":4,"href":"https:\/\/oblati.benediktini.sk\/index.php?rest_route=\/wp\/v2\/posts\/402\/revisions"}],"predecessor-version":[{"id":407,"href":"https:\/\/oblati.benediktini.sk\/index.php?rest_route=\/wp\/v2\/posts\/402\/revisions\/407"}],"wp:attachment":[{"href":"https:\/\/oblati.benediktini.sk\/index.php?rest_route=%2Fwp%2Fv2%2Fmedia&parent=402"}],"wp:term":[{"taxonomy":"category","embeddable":true,"href":"https:\/\/oblati.benediktini.sk\/index.php?rest_route=%2Fwp%2Fv2%2Fcategories&post=402"},{"taxonomy":"post_tag","embeddable":true,"href":"https:\/\/oblati.benediktini.sk\/index.php?rest_route=%2Fwp%2Fv2%2Ftags&post=402"}],"curies":[{"name":"wp","href":"https:\/\/api.w.org\/{rel}","templated":true}]}}