{"id":268,"date":"2016-02-15T18:20:46","date_gmt":"2016-02-15T16:20:46","guid":{"rendered":"http:\/\/oblati.benediktini.sk\/?p=268"},"modified":"2016-03-11T21:41:20","modified_gmt":"2016-03-11T19:41:20","slug":"priatelstvo","status":"publish","type":"post","link":"https:\/\/oblati.benediktini.sk\/?p=268","title":{"rendered":"Priate\u013estvo v podan\u00ed J\u00e1na Kasi\u00e1na"},"content":{"rendered":"<p style=\"text-align: justify;\"><a href=\"http:\/\/oblati.benediktini.sk\/wp-content\/uploads\/2016\/03\/DSC_0133.jpg\" data-rel=\"lightbox-image-0\" data-rl_title=\"\" data-rl_caption=\"\" title=\"\"><img loading=\"lazy\" decoding=\"async\" class=\" wp-image-269 alignright\" src=\"http:\/\/oblati.benediktini.sk\/wp-content\/uploads\/2016\/03\/DSC_0133-300x199.jpg\" alt=\"DSC_0133\" width=\"268\" height=\"178\" srcset=\"https:\/\/oblati.benediktini.sk\/wp-content\/uploads\/2016\/03\/DSC_0133-300x199.jpg 300w, https:\/\/oblati.benediktini.sk\/wp-content\/uploads\/2016\/03\/DSC_0133-768x510.jpg 768w, https:\/\/oblati.benediktini.sk\/wp-content\/uploads\/2016\/03\/DSC_0133-1024x680.jpg 1024w\" sizes=\"auto, (max-width: 268px) 100vw, 268px\" \/><\/a>bolo t\u00e9mou duchovn\u00e9ho cvi\u010denia, ktor\u00e9 viedol\u00a0\u00a0 za\u010diatkom janu\u00e1ra prefekt obl\u00e1tov\u00a0 o Jozef.\u00a0 Pre n\u00e1s obl\u00e1tov je \u010das duchovn\u00e9ho cvi\u010denia vz\u00e1cna chv\u00ed\u013ea, po\u010das ktorej m\u00e1me mo\u017enos\u0165 na\u010derpa\u0165 duchovn\u00fa silu v tichosti kl\u00e1\u0161tora\u00a0 v spolo\u010denstve bratov benedikt\u00ednov. Tohtoro\u010dn\u00fdch cvi\u010den\u00ed sa z\u00fa\u010dastnili aj kandid\u00e1ti na obl\u00e1tov: Monika, \u013dubica, Daniel, M\u00e1ria, Miriam, Em\u00edlia a Patrik.\u00a0 \u017diados\u0165 o vstup do form\u00e1cie obl\u00e1tov predniesli priorovi o. Vladim\u00edrovi, ktor\u00fd im na znak prijatia odovzdal medailu sv. Benedikta.<\/p>\n<p style=\"text-align: justify;\"><a href=\"http:\/\/oblati.benediktini.sk\/wp-content\/uploads\/2016\/03\/DSC_0137.jpg\" data-rel=\"lightbox-image-1\" data-rl_title=\"\" data-rl_caption=\"\" title=\"\"><img loading=\"lazy\" decoding=\"async\" class=\"alignnone size-medium wp-image-271\" src=\"http:\/\/oblati.benediktini.sk\/wp-content\/uploads\/2016\/03\/DSC_0137-300x199.jpg\" alt=\"DSC_0137\" width=\"300\" height=\"199\" srcset=\"https:\/\/oblati.benediktini.sk\/wp-content\/uploads\/2016\/03\/DSC_0137-300x199.jpg 300w, https:\/\/oblati.benediktini.sk\/wp-content\/uploads\/2016\/03\/DSC_0137-768x510.jpg 768w, https:\/\/oblati.benediktini.sk\/wp-content\/uploads\/2016\/03\/DSC_0137-1024x680.jpg 1024w\" sizes=\"auto, (max-width: 300px) 100vw, 300px\" \/><\/a><a href=\"http:\/\/oblati.benediktini.sk\/wp-content\/uploads\/2016\/03\/DSC_0143.jpg\" data-rel=\"lightbox-image-2\" data-rl_title=\"\" data-rl_caption=\"\" title=\"\"><img loading=\"lazy\" decoding=\"async\" class=\"alignnone size-medium wp-image-272\" src=\"http:\/\/oblati.benediktini.sk\/wp-content\/uploads\/2016\/03\/DSC_0143-300x199.jpg\" alt=\"DSC_0143\" width=\"300\" height=\"199\" srcset=\"https:\/\/oblati.benediktini.sk\/wp-content\/uploads\/2016\/03\/DSC_0143-300x199.jpg 300w, https:\/\/oblati.benediktini.sk\/wp-content\/uploads\/2016\/03\/DSC_0143-768x510.jpg 768w, https:\/\/oblati.benediktini.sk\/wp-content\/uploads\/2016\/03\/DSC_0143-1024x680.jpg 1024w\" sizes=\"auto, (max-width: 300px) 100vw, 300px\" \/><\/a><\/p>\n<p style=\"text-align: justify;\"><a href=\"https:\/\/goo.gl\/photos\/4J8mVV6oqNJRcxLe9\">Fotografie<\/a> : obl\u00e1tka Erika<\/p>\n","protected":false},"excerpt":{"rendered":"<p>bolo t\u00e9mou duchovn\u00e9ho cvi\u010denia, ktor\u00e9 viedol\u00a0\u00a0 za\u010diatkom janu\u00e1ra prefekt obl\u00e1tov\u00a0 o Jozef.\u00a0 Pre n\u00e1s obl\u00e1tov je \u010das duchovn\u00e9ho cvi\u010denia vz\u00e1cna chv\u00ed\u013ea, po\u010das ktorej m\u00e1me mo\u017enos\u0165 na\u010derpa\u0165 duchovn\u00fa silu v tichosti kl\u00e1\u0161tora\u00a0 v spolo\u010denstve bratov benedikt\u00ednov. Tohtoro\u010dn\u00fdch cvi\u010den\u00ed sa z\u00fa\u010dastnili aj kandid\u00e1ti na obl\u00e1tov: Monika, \u013dubica, Daniel, M\u00e1ria, Miriam, Em\u00edlia a Patrik.\u00a0 \u017diados\u0165 o vstup do [&hellip;]<\/p>\n","protected":false},"author":2,"featured_media":0,"comment_status":"open","ping_status":"open","sticky":false,"template":"","format":"standard","meta":{"footnotes":""},"categories":[3],"tags":[],"class_list":["post-268","post","type-post","status-publish","format-standard","hentry","category-aktuality"],"_links":{"self":[{"href":"https:\/\/oblati.benediktini.sk\/index.php?rest_route=\/wp\/v2\/posts\/268","targetHints":{"allow":["GET"]}}],"collection":[{"href":"https:\/\/oblati.benediktini.sk\/index.php?rest_route=\/wp\/v2\/posts"}],"about":[{"href":"https:\/\/oblati.benediktini.sk\/index.php?rest_route=\/wp\/v2\/types\/post"}],"author":[{"embeddable":true,"href":"https:\/\/oblati.benediktini.sk\/index.php?rest_route=\/wp\/v2\/users\/2"}],"replies":[{"embeddable":true,"href":"https:\/\/oblati.benediktini.sk\/index.php?rest_route=%2Fwp%2Fv2%2Fcomments&post=268"}],"version-history":[{"count":9,"href":"https:\/\/oblati.benediktini.sk\/index.php?rest_route=\/wp\/v2\/posts\/268\/revisions"}],"predecessor-version":[{"id":283,"href":"https:\/\/oblati.benediktini.sk\/index.php?rest_route=\/wp\/v2\/posts\/268\/revisions\/283"}],"wp:attachment":[{"href":"https:\/\/oblati.benediktini.sk\/index.php?rest_route=%2Fwp%2Fv2%2Fmedia&parent=268"}],"wp:term":[{"taxonomy":"category","embeddable":true,"href":"https:\/\/oblati.benediktini.sk\/index.php?rest_route=%2Fwp%2Fv2%2Fcategories&post=268"},{"taxonomy":"post_tag","embeddable":true,"href":"https:\/\/oblati.benediktini.sk\/index.php?rest_route=%2Fwp%2Fv2%2Ftags&post=268"}],"curies":[{"name":"wp","href":"https:\/\/api.w.org\/{rel}","templated":true}]}}