{"id":239,"date":"2015-11-16T18:35:59","date_gmt":"2015-11-16T16:35:59","guid":{"rendered":"http:\/\/oblati.benediktini.sk\/?p=239"},"modified":"2015-12-07T18:38:39","modified_gmt":"2015-12-07T16:38:39","slug":"prekvapive-informacie-vierky-dubacovej-o-utecencoch","status":"publish","type":"post","link":"https:\/\/oblati.benediktini.sk\/?p=239","title":{"rendered":"Prekvapiv\u00e9 inform\u00e1cie Vierky Duba\u010dovej o ute\u010dencoch"},"content":{"rendered":"<p>&#8222;Z\u00e1chrana horiaceho domu&#8220; tak nazvala Vierka \u013eudsk\u00fa pomoc de\u0165om, mu\u017eom, \u017een\u00e1m, t\u00fdm, <a href=\"http:\/\/oblati.benediktini.sk\/wp-content\/uploads\/2015\/12\/img-493040.jpg\" data-rel=\"lightbox-image-0\" data-rl_title=\"\" data-rl_caption=\"\" title=\"\"><img loading=\"lazy\" decoding=\"async\" class=\" wp-image-240 alignright\" src=\"http:\/\/oblati.benediktini.sk\/wp-content\/uploads\/2015\/12\/img-493040-218x300.jpg\" alt=\"img 493040\" width=\"130\" height=\"179\" \/><\/a>ktor\u00ed s\u00fa bez akejko\u013evek materi\u00e1lnej vybavenosti na ceste \u00faniku z vlastnej krajiny, kde stratili svoj domov. \u010co sa deje za hranicami na\u0161ej republiky, ako to re\u00e1lne vyzer\u00e1 na hrani\u010dn\u00fdch prechodoch, v\u00e1\u017enos\u0165 situ\u00e1cie, autentick\u00e9 dokumenty i osobn\u00e9 pre\u017e\u00edvanie. O tom bolo viac ako hodinov\u00e9 zdie\u013eanie sa obl\u00e1tky Vierky, ktor\u00e1 sa pripojila k skupine dobrovo\u013en\u00edkov pre pomoc ute\u010dencom &#8211; Migradion Aid.<br \/>\nPrekvapiv\u00e1 je skuto\u010dnos\u0165, ako je mo\u017en\u00e9, \u017ee v dobe modernej techniky, neobmedzen\u00fdch prenosov a slobody inform\u00e1ci\u00ed, nevidie\u0165 a nevedie\u0165 \u010do sa vlastne re\u00e1lne deje za hranicami. Pre\u010do m\u00e9di\u00e1 pravdivo a kompletne neinformuj\u00fa o t\u00fdchto udalostiach? Odvysielan\u00e9 inform\u00e1cie p\u00f4sobia jednostranne a vyvol\u00e1vaj\u00fa strach a obavy. Tieto pocity ale nie s\u00fa tie spr\u00e1vne v situ\u00e1cii, ke\u010f trp\u00ed bl\u00ed\u017eny. Mojim bl\u00ed\u017enym je predsa ka\u017ed\u00fd kto potrebuje pomoc, a to n\u00e1m nem\u00f4\u017ee by\u0165 \u013eahostajn\u00e9&#8230;.<br \/>\nobl\u00e1tka\u00a0 Ani\u010dka<\/p>\n","protected":false},"excerpt":{"rendered":"<p>&#8222;Z\u00e1chrana horiaceho domu&#8220; tak nazvala Vierka \u013eudsk\u00fa pomoc de\u0165om, mu\u017eom, \u017een\u00e1m, t\u00fdm, ktor\u00ed s\u00fa bez akejko\u013evek materi\u00e1lnej vybavenosti na ceste \u00faniku z vlastnej krajiny, kde stratili svoj domov. \u010co sa deje za hranicami na\u0161ej republiky, ako to re\u00e1lne vyzer\u00e1 na hrani\u010dn\u00fdch prechodoch, v\u00e1\u017enos\u0165 situ\u00e1cie, autentick\u00e9 dokumenty i osobn\u00e9 pre\u017e\u00edvanie. O tom bolo viac ako hodinov\u00e9 [&hellip;]<\/p>\n","protected":false},"author":2,"featured_media":0,"comment_status":"open","ping_status":"open","sticky":false,"template":"","format":"standard","meta":{"footnotes":""},"categories":[3],"tags":[],"class_list":["post-239","post","type-post","status-publish","format-standard","hentry","category-aktuality"],"_links":{"self":[{"href":"https:\/\/oblati.benediktini.sk\/index.php?rest_route=\/wp\/v2\/posts\/239","targetHints":{"allow":["GET"]}}],"collection":[{"href":"https:\/\/oblati.benediktini.sk\/index.php?rest_route=\/wp\/v2\/posts"}],"about":[{"href":"https:\/\/oblati.benediktini.sk\/index.php?rest_route=\/wp\/v2\/types\/post"}],"author":[{"embeddable":true,"href":"https:\/\/oblati.benediktini.sk\/index.php?rest_route=\/wp\/v2\/users\/2"}],"replies":[{"embeddable":true,"href":"https:\/\/oblati.benediktini.sk\/index.php?rest_route=%2Fwp%2Fv2%2Fcomments&post=239"}],"version-history":[{"count":1,"href":"https:\/\/oblati.benediktini.sk\/index.php?rest_route=\/wp\/v2\/posts\/239\/revisions"}],"predecessor-version":[{"id":241,"href":"https:\/\/oblati.benediktini.sk\/index.php?rest_route=\/wp\/v2\/posts\/239\/revisions\/241"}],"wp:attachment":[{"href":"https:\/\/oblati.benediktini.sk\/index.php?rest_route=%2Fwp%2Fv2%2Fmedia&parent=239"}],"wp:term":[{"taxonomy":"category","embeddable":true,"href":"https:\/\/oblati.benediktini.sk\/index.php?rest_route=%2Fwp%2Fv2%2Fcategories&post=239"},{"taxonomy":"post_tag","embeddable":true,"href":"https:\/\/oblati.benediktini.sk\/index.php?rest_route=%2Fwp%2Fv2%2Ftags&post=239"}],"curies":[{"name":"wp","href":"https:\/\/api.w.org\/{rel}","templated":true}]}}