{"id":225,"date":"2015-10-15T15:23:15","date_gmt":"2015-10-15T13:23:15","guid":{"rendered":"http:\/\/oblati.benediktini.sk\/?p=225"},"modified":"2015-11-12T15:36:10","modified_gmt":"2015-11-12T13:36:10","slug":"dychaj-jezisovym-menom","status":"publish","type":"post","link":"https:\/\/oblati.benediktini.sk\/?p=225","title":{"rendered":"D\u00fdchaj Je\u017ei\u0161ov\u00fdm menom,"},"content":{"rendered":"<p style=\"text-align: justify;\">bol n\u00e1zov stretnutia v Tynieckom benedikt\u00ednskom kl\u00e1\u0161tore za\u010diatkom okt\u00f3bra, ktor\u00e9ho sa z\u00fa\u010dastnila aj mal\u00e1 skupinka \u013eud\u00ed zo Slovenska, t\u00fa\u017eiacich po modlitbe srdcom.<\/p>\n<p style=\"text-align: justify;\"><!--more--><\/p>\n<p style=\"text-align: justify;\">Sv. Arz\u00e9nius hovor\u00ed: &#8222;Ke\u010f budete h\u013eada\u0165 Boha, n\u00e1jdete ho, ke\u010f ho budete vz\u00fdva\u0165, ostane pri v\u00e1s.&#8220; Aj t\u00fdmito slovami n\u00e1s uv\u00e1dzal do praktiky Je\u017ei\u0161ovej modlitby o.\u0160imon, op\u00e1t kl\u00e1\u0161tora, ktor\u00fd cel\u00e9 v\u00edkendov\u00e9 stretnutie viedol.<br \/>\nJe\u017ei\u0161ova modlitba m\u00e1 star\u00fa trad\u00edciu a svoj p\u00f4vod u Otcov egyptskej p\u00fa\u0161te. Je naz\u00fdvan\u00e1 aj modlitbou srdca, preto\u017ee v srdci sa stret\u00e1vame s Bohom. V modlitbe nielen mi p\u00fa\u0161\u0165ame Boha do svojho srdca, ale aj Boh p\u00fa\u0161\u0165a n\u00e1s do svojho. U\u010d\u00ed n\u00e1s jednoduchosti a jemnosti.<\/p>\n<p style=\"text-align: justify;\">O.\u0160imon n\u00e1s hne\u010f uviedol aj do praktiky, 25 min\u00fatovej modlitby, s pokojn\u00fdm pomal\u00fdm d\u00fdchan\u00edm a vyslovovan\u00edm slov &#8222;Pane, Je\u017ei\u0161u Kriste, zmiluj sa nado mnou hrie\u0161nym&#8220;. Vyslovovan\u00edm mena Je\u017ei\u0161, zab\u00fadame na seba a d\u00e1vame priestor Bohu, a to nielen v danej chv\u00edli, ale aj v ka\u017edej \u017eivotnej situ\u00e1cii.<br \/>\nMy\u0161lienky, ktor\u00e9 n\u00e1s pri modlitbe nap\u00e1daj\u00fa, nie s\u00fa d\u00f4le\u017eit\u00e9 a netreba im venova\u0165 pozornos\u0165, aby sme nezoslabli, dovol\u00edme im vch\u00e1dza\u0165 a odch\u00e1dza\u0165. D\u00f4le\u017eit\u00e9 je uvedomenie si, \u017ee Boh je tu.<\/p>\n<p style=\"text-align: justify;\">Modlitba Je\u017ei\u0161ova nie je n\u00e1hradou za \u010d\u00edtanie P\u00edsma Sv\u00e4t\u00e9ho, pr\u00e1ve naopak, umo\u017e\u0148uje vn\u00edma\u0165 ho v celej h\u013abke, a tak lep\u0161ie uv\u00e1dza\u0165 do praktick\u00e9ho \u017eivota kres\u0165ana.<br \/>\nSom v\u010fa\u010dn\u00e1 P\u00e1nu Bohu a v\u0161etk\u00fdm, ktor\u00ed toto stretnutie urobili, sprostredkovali, a tak \u013eudsky prispeli k v\u00e4\u010d\u0161iemu, \u010di hlb\u0161iemu spozn\u00e1vaniu Boha a jeho dobroty.<\/p>\n<p style=\"text-align: justify;\">Z\u00e1verom povzbudenie slovami o. \u0160imona, aby sme t\u00fa\u017ebu po Bohu, po modlitbe srdcom, pestovali, aby v n\u00e1s nezhasla&#8230;..<br \/>\nmo\u017eno aj pravidelnos\u0165ou modlitby, r\u00e1no i ve\u010der, vyhraden\u00fdm nieko\u013ekomin\u00fatov\u00fdm \u010dasom, pod\u013ea na\u0161ich s\u00edl,<br \/>\naby sme \u0148ou vyznali vernos\u0165 a d\u00f4veru tomu, ktor\u00fd n\u00e1s miloval ako prv\u00fd a ktor\u00fd je L\u00e1ska.<\/p>\n<p style=\"text-align: justify;\">Literat\u00fara, ktor\u00e1 n\u00e1m m\u00f4\u017ee pribl\u00ed\u017ei\u0165 Je\u017ei\u0161ovu modlitbu:<br \/>\nWilfrid Stinissen: Modlitba Je\u017e\u00ed\u0161ova<br \/>\nRusk\u00fd p\u00fatnik<br \/>\nFilok\u00e1lia<\/p>\n<p>oblatka Anna<\/p>\n","protected":false},"excerpt":{"rendered":"<p>bol n\u00e1zov stretnutia v Tynieckom benedikt\u00ednskom kl\u00e1\u0161tore za\u010diatkom okt\u00f3bra, ktor\u00e9ho sa z\u00fa\u010dastnila aj mal\u00e1 skupinka \u013eud\u00ed zo Slovenska, t\u00fa\u017eiacich po modlitbe srdcom.<\/p>\n","protected":false},"author":2,"featured_media":0,"comment_status":"open","ping_status":"open","sticky":false,"template":"","format":"standard","meta":{"footnotes":""},"categories":[3],"tags":[],"class_list":["post-225","post","type-post","status-publish","format-standard","hentry","category-aktuality"],"_links":{"self":[{"href":"https:\/\/oblati.benediktini.sk\/index.php?rest_route=\/wp\/v2\/posts\/225","targetHints":{"allow":["GET"]}}],"collection":[{"href":"https:\/\/oblati.benediktini.sk\/index.php?rest_route=\/wp\/v2\/posts"}],"about":[{"href":"https:\/\/oblati.benediktini.sk\/index.php?rest_route=\/wp\/v2\/types\/post"}],"author":[{"embeddable":true,"href":"https:\/\/oblati.benediktini.sk\/index.php?rest_route=\/wp\/v2\/users\/2"}],"replies":[{"embeddable":true,"href":"https:\/\/oblati.benediktini.sk\/index.php?rest_route=%2Fwp%2Fv2%2Fcomments&post=225"}],"version-history":[{"count":3,"href":"https:\/\/oblati.benediktini.sk\/index.php?rest_route=\/wp\/v2\/posts\/225\/revisions"}],"predecessor-version":[{"id":228,"href":"https:\/\/oblati.benediktini.sk\/index.php?rest_route=\/wp\/v2\/posts\/225\/revisions\/228"}],"wp:attachment":[{"href":"https:\/\/oblati.benediktini.sk\/index.php?rest_route=%2Fwp%2Fv2%2Fmedia&parent=225"}],"wp:term":[{"taxonomy":"category","embeddable":true,"href":"https:\/\/oblati.benediktini.sk\/index.php?rest_route=%2Fwp%2Fv2%2Fcategories&post=225"},{"taxonomy":"post_tag","embeddable":true,"href":"https:\/\/oblati.benediktini.sk\/index.php?rest_route=%2Fwp%2Fv2%2Ftags&post=225"}],"curies":[{"name":"wp","href":"https:\/\/api.w.org\/{rel}","templated":true}]}}