{"id":199,"date":"2015-07-30T15:21:02","date_gmt":"2015-07-30T13:21:02","guid":{"rendered":"http:\/\/oblati.benediktini.sk\/?p=199"},"modified":"2015-11-12T15:40:28","modified_gmt":"2015-11-12T13:40:28","slug":"svatojakubska-grilovacka-v-spanej-doline","status":"publish","type":"post","link":"https:\/\/oblati.benediktini.sk\/?p=199","title":{"rendered":"Sv\u00e4tojakubsk\u00e1 grilova\u010dka v \u0160panej Doline"},"content":{"rendered":"<p style=\"text-align: justify;\">Za miesto tohtoro\u010dn\u00e9ho rodinn\u00e9ho stretnutia sme si zvolili kr\u00e1sne prostredie \u0160panej Doliny. Stretli sme sa pred obedom na ihrisku v hore nad \u0160panou Dolinou., kde sme grilovali \u0161peciality, ktor\u00e9 pre n\u00e1s pripravila Dominika s Radkom. Po dobrom obede n\u00e1s z kr\u00e1sneho prostredia vyhnal siln\u00fd d\u00e1\u017e\u010f s kr\u00fapami. V stretnut\u00ed sme pokra\u010dovali v rodinnom dome u Dominiky . O program sa postarali jej deti spolo\u010denskou hrou a kult\u00farnym programom.<a href=\"http:\/\/oblati.benediktini.sk\/wp-content\/uploads\/2015\/07\/DSC_1916.jpg\" data-rel=\"lightbox-image-0\" data-rl_title=\"\" data-rl_caption=\"\" title=\"\"><img loading=\"lazy\" decoding=\"async\" class=\"wp-image-229 alignright\" src=\"http:\/\/oblati.benediktini.sk\/wp-content\/uploads\/2015\/07\/DSC_1916-300x200.jpg\" alt=\"DSC_1916\" width=\"269\" height=\"179\" srcset=\"https:\/\/oblati.benediktini.sk\/wp-content\/uploads\/2015\/07\/DSC_1916-300x200.jpg 300w, https:\/\/oblati.benediktini.sk\/wp-content\/uploads\/2015\/07\/DSC_1916.jpg 693w\" sizes=\"auto, (max-width: 269px) 100vw, 269px\" \/><\/a><br \/>\nVo ve\u010dern\u00fdch hodin\u00e1ch sa k n\u00e1m pridal aj prefekt obl\u00e1tov o. Jozef a odsl\u00fa\u017eil sv. om\u0161u. Pr\u00edjemne n\u00e1s prekvapil hos\u0165ami, ktor\u00fdch priviedol. Bol to man\u017eelsk\u00fd p\u00e1r obl\u00e1tov z Tynieckeho kl\u00e1\u0161tora s ktor\u00fdmi sme sa zozn\u00e1mili na Zjazde benedikt\u00ednskych obl\u00e1tov. Rozi\u0161li sme sa v neskor\u00fdch no\u010dn\u00fdch hodin\u00e1ch s pocitom dobre pre\u017eit\u00e9ho sobotn\u00e9ho d\u0148a za \u010do patr\u00ed po\u010fakova\u0165 v\u0161etk\u00fdm, hlavne Diminike s rodinou.<\/p>\n<p><a href=\"https:\/\/plus.google.com\/photos\/108074207720528341770\/albums\/6201809396101676881\">Fotografie<\/a><\/p>\n<p>&nbsp;<\/p>\n","protected":false},"excerpt":{"rendered":"<p>Za miesto tohtoro\u010dn\u00e9ho rodinn\u00e9ho stretnutia sme si zvolili kr\u00e1sne prostredie \u0160panej Doliny. Stretli sme sa pred obedom na ihrisku v hore nad \u0160panou Dolinou., kde sme grilovali \u0161peciality, ktor\u00e9 pre n\u00e1s pripravila Dominika s Radkom. Po dobrom obede n\u00e1s z kr\u00e1sneho prostredia vyhnal siln\u00fd d\u00e1\u017e\u010f s kr\u00fapami. V stretnut\u00ed sme pokra\u010dovali v rodinnom dome u [&hellip;]<\/p>\n","protected":false},"author":2,"featured_media":0,"comment_status":"open","ping_status":"open","sticky":false,"template":"","format":"standard","meta":{"footnotes":""},"categories":[3],"tags":[],"class_list":["post-199","post","type-post","status-publish","format-standard","hentry","category-aktuality"],"_links":{"self":[{"href":"https:\/\/oblati.benediktini.sk\/index.php?rest_route=\/wp\/v2\/posts\/199","targetHints":{"allow":["GET"]}}],"collection":[{"href":"https:\/\/oblati.benediktini.sk\/index.php?rest_route=\/wp\/v2\/posts"}],"about":[{"href":"https:\/\/oblati.benediktini.sk\/index.php?rest_route=\/wp\/v2\/types\/post"}],"author":[{"embeddable":true,"href":"https:\/\/oblati.benediktini.sk\/index.php?rest_route=\/wp\/v2\/users\/2"}],"replies":[{"embeddable":true,"href":"https:\/\/oblati.benediktini.sk\/index.php?rest_route=%2Fwp%2Fv2%2Fcomments&post=199"}],"version-history":[{"count":6,"href":"https:\/\/oblati.benediktini.sk\/index.php?rest_route=\/wp\/v2\/posts\/199\/revisions"}],"predecessor-version":[{"id":231,"href":"https:\/\/oblati.benediktini.sk\/index.php?rest_route=\/wp\/v2\/posts\/199\/revisions\/231"}],"wp:attachment":[{"href":"https:\/\/oblati.benediktini.sk\/index.php?rest_route=%2Fwp%2Fv2%2Fmedia&parent=199"}],"wp:term":[{"taxonomy":"category","embeddable":true,"href":"https:\/\/oblati.benediktini.sk\/index.php?rest_route=%2Fwp%2Fv2%2Fcategories&post=199"},{"taxonomy":"post_tag","embeddable":true,"href":"https:\/\/oblati.benediktini.sk\/index.php?rest_route=%2Fwp%2Fv2%2Ftags&post=199"}],"curies":[{"name":"wp","href":"https:\/\/api.w.org\/{rel}","templated":true}]}}