{"id":195,"date":"2015-05-15T11:46:03","date_gmt":"2015-05-15T09:46:03","guid":{"rendered":"http:\/\/oblati.benediktini.sk\/?p=195"},"modified":"2015-10-18T16:04:08","modified_gmt":"2015-10-18T14:04:08","slug":"navsteva-benediktinskeho-klastora-v-polskom-biskupowe","status":"publish","type":"post","link":"https:\/\/oblati.benediktini.sk\/?p=195","title":{"rendered":"N\u00e1v\u0161teva benedikt\u00ednskeho kl\u00e1\u0161tora v po\u013eskom Biskup\u00f3we"},"content":{"rendered":"<p style=\"text-align: justify;\">Prv\u00e9 tri dni mari\u00e1nskeho mesiaca m\u00e1j mali mo\u017enos\u0165 niektor\u00ed \u010dlenovia n\u00e1\u0161ho obl\u00e1tskeho spolo\u010denstva (presne Milo\u0161, Tom\u00e1\u0161, Dominika, Ani\u010dka a\u00a0Erika v\u00a0sprievode otca Jozefa) pre\u017ei\u0165 v\u00a0kr\u00e1snom prostred\u00ed benedikt\u00ednskeho kl\u00e1\u0161tora v\u00a0po\u013eskom Biskupowe v\u00a0spolo\u010denstve benedikt\u00ednskych mn\u00edchov a\u00a0obl\u00e1tov tamoj\u0161ieho kl\u00e1\u0161tora. Na uskuto\u010dnen\u00ed tejto bratskej n\u00e1v\u0161tevy mala ve\u013ek\u00fd podiel na\u0161a Dominika Minka, ktor\u00e1 kontaktovala tento, jej srdcu bl\u00edzky, benedikt\u00ednsky kl\u00e1\u0161tor a\u00a0dohodla term\u00edn na\u0161ej n\u00e1v\u0161tevy. <a href=\"http:\/\/oblati.benediktini.sk\/wp-content\/uploads\/2015\/10\/DSC_1257.jpg\" data-rel=\"lightbox-image-0\" data-rl_title=\"\" data-rl_caption=\"\" title=\"\"><img loading=\"lazy\" decoding=\"async\" class=\" wp-image-202 alignright\" src=\"http:\/\/oblati.benediktini.sk\/wp-content\/uploads\/2015\/10\/DSC_1257-300x199.jpg\" alt=\"DSC_1257\" width=\"245\" height=\"163\" srcset=\"https:\/\/oblati.benediktini.sk\/wp-content\/uploads\/2015\/10\/DSC_1257-300x199.jpg 300w, https:\/\/oblati.benediktini.sk\/wp-content\/uploads\/2015\/10\/DSC_1257-1024x681.jpg 1024w\" sizes=\"auto, (max-width: 245px) 100vw, 245px\" \/><\/a><br \/>\nNa\u0161a cesta do po\u013esk\u00e9ho Biskup\u00f3wa za\u010dala v\u00a0piatok 1. 5. 2015 zo\u00a0Samporsk\u00e9ho kl\u00e1\u0161tora, odkia\u013e vyrazil autom o. Jozef spolu s\u00a0Ani\u010dkou niekedy po obede. Postupne sa cestou kl\u00e1\u0161torn\u00fd Mercedes nap\u013a\u0148al. V\u00a0Banskej Bystrici nast\u00fapila Erika, v\u00a0U\u013eanke Dominika a\u00a0v\u00a0\u010cadci Milo\u0161 a\u00a0Tom\u00e1\u0161. Cestu autom sme posv\u00e4tili modlitbou Liturgie hod\u00edn, sv. ru\u017eenca i\u00a0lectiom divina. Po\u010das jednej prest\u00e1vky vo vo\u013enej pr\u00edrode objavila Dominika n\u00e1lezisko medvedieho cesnaku, tak sme si nazbierali t\u00fato bylinku, aby sme si spestrili jed\u00e1lni\u010dek po\u010das n\u00e1\u0161ho v\u00fdletu.<\/p>\n<p style=\"text-align: justify;\"><!--more--><br \/>\nDo cie\u013ea na\u0161ej cesty kl\u00e1\u0161tora v Biskupowe sme dorazili tesne pred ve\u0161perami nieko\u013eko min\u00fat pred 20.00 hodinou. Na\u0161a n\u00e1v\u0161teva teda za\u010dala spolo\u010dnou modlitbou ve\u0161pier spojenou s komplet\u00f3riom. Po skon\u010den\u00ed modlitieb sa n\u00e1s ujali na\u0161i hostitelia benedikt\u00ednski mn\u00edsi a\u00a0ubytovali n\u00e1s v\u00a0peknom dom\u010deku pre host\u00ed. Otca Jozefa ubytovali samozrejme v\u00a0kl\u00e1\u0161tore. Ujal sa n\u00e1s otec Mateusz, ktor\u00fd je prefektom obl\u00e1tov v\u00a0Biskupowe a\u00a0venoval n\u00e1m trochu svojho vz\u00e1cneho \u010dasu aj ke\u010f u\u017e mohol po komplet\u00f3riu oddychova\u0165.<br \/>\nNasleduj\u00faci de\u0148, 2. M\u00e1j,ktor\u00fd je v\u00a0Po\u013esku zasv\u00e4ten\u00fd Panne M\u00e1rii Kr\u00e1\u013eovnej Po\u013eska, n\u00e1s \u010dakal bohat\u00fd program. Za\u010dal sa modlitbou rann\u00fdch chv\u00e1l a\u00a0posv\u00e4tn\u00e9ho \u010d\u00edtania. Obl\u00e1tske spolo\u010denstvo v\u00a0Biskupowe malo po\u010das na\u0161ej n\u00e1v\u0161tevy duchovn\u00e9 cvi\u010denia. Po ra\u0148ajk\u00e1ch a\u00a0kr\u00e1tkej prehliadke kl\u00e1\u0161tora, ktor\u00fa n\u00e1m urobila Dominika sme mali mo\u017enos\u0165 by\u0165 spolu s\u00a0obl\u00e1tmi na predn\u00e1\u0161ke o. Mateusza na t\u00e9mu Lectio divina. Nepovedal n\u00e1m ni\u010d nov\u00e9, ale tak\u00fdm sp\u00f4sobom, \u017ee to zasiahlo na\u0161e srdce. Jedna veta, ktor\u00e1 mi utkvela v\u00a0pam\u00e4ti: \u201eSkrze Slovo Boha, poznaj Srdce Boha.\u201c<br \/>\nPo predn\u00e1\u0161ke n\u00e1m o. Mateusz uk\u00e1zal kl\u00e1\u0161tor, hospod\u00e1rstvo, dielne, pustov\u0148u, kl\u00e1\u0161torn\u00fd les, dom host\u00ed a\u00a0jeho kaplnku, spolo\u010densk\u00fa miestnos\u0165 v\u00a0b\u00fdvalom krav\u00edne a\u00a0are\u00e1l kl\u00e1\u0161tora. Zaujala n\u00e1s pr\u00e1ve pustov\u0148a, preto\u017ee to bola b\u00fdval\u00e1 m\u00e1rnica \u2013 pri farskom cintor\u00edne. Otec Mateusz n\u00e1m ju na chv\u00ed\u013eu otvoril aj napriek klauz\u00fare, a\u00a0my sme mohli vd\u00fdchnu\u0165 trochu ovzdu\u0161ia naplnen\u00e9ho modlitbami pustovn\u00edkov.<br \/>\nNiektor\u00ed z\u00a0n\u00e1s vyu\u017eili \u010das pred obedom na spev akatistu na oslavu Panny M\u00e1rie Kr\u00e1\u013eovnej Po\u013eska.<br \/>\nPo obede, ktor\u00fd n\u00e1m pripravili obl\u00e1ti, sme sa stretli s\u00a0otcom o. Ludwikom Mycielskym zakladate\u013eom benedikt\u00ednskeho kl\u00e1\u0161tore v\u00a0Biskupowe, autorom nieko\u013ek\u00fdch kn\u00edh. Tento rozhovor sa uskuto\u010dnil na ob\u013e\u00fabenom mieste o. Ludwika v\u00a0z\u00e1kut\u00ed kl\u00e1\u0161torn\u00e9ho rybn\u00edka. Rozpr\u00e1val n\u00e1m o\u00a0svojom \u017eivote, o\u00a0 duchovnom z\u00e1pase o\u00a0sp\u00e1su svojich bl\u00edzkych, o\u00a0mocnom p\u00f4soben\u00ed P\u00e1na po\u010das jeho \u017eivota, o\u00a0zakladan\u00ed kl\u00e1\u0161tora a\u00a0in\u00fdch zauj\u00edmav\u00fdch veciach. Jeho p\u00fatav\u00e9 rozpr\u00e1vanie sp\u00f4sobilo, \u017ee ani sme sa nenazdali ako r\u00fdchlo uplynul \u010das a\u00a0 \u010dakalo n\u00e1s \u010fal\u0161ie stretnutie. Tentokr\u00e1t spolo\u010dn\u00e9 stretnutie obl\u00e1tov Biskupowa s\u00a0vizit\u00e1tormi kl\u00e1\u0161tora s o. Ansgarom z\u00a0nemeck\u00e9ho benedikt\u00ednskeho kl\u00e1\u0161tora v St. Otylien a o.Maximilianom z\u00a0po\u013esk\u00e9ho kl\u00e1\u0161tora v\u00a0Lubline. Obaja otcovia bendikt\u00edni hovorili svoje sk\u00fasenosti s\u00a0obl\u00e1tmi a\u00a0vyzdvihli vz\u00e1jomn\u00fa potrebu vz\u0165ahov mn\u00edchov a\u00a0obl\u00e1tov. Po predn\u00e1\u0161ke sme na chv\u00ed\u013eu opustili kl\u00e1\u0161tor a\u00a0Dominika n\u00e1s pozvala pozrie\u0165 si jej ne\u010falek\u00e9 rodn\u00e9 mesto Nysu. Pozreli sme si kr\u00e1snu dominantu mesta &#8211; katedr\u00e1lu a\u00a0ochutnali v\u00fdborn\u00fa zmrzlinu. A\u00a0potom sme sa pon\u00e1h\u013eali sp\u00e4\u0165, aby sme stihli sv. om\u0161u. Po ve\u010deri a\u00a0ve\u0161per\u00e1ch, ka\u017ed\u00fd z\u00a0n\u00e1s pod\u013ea toho, ako chcel, sa venoval tomu, za \u010d\u00edm ho srdce \u0165ahalo. Niekto modlitbe v\u00a0kl\u00e1\u0161tornej kaplnke, in\u00fd ve\u010dernej prech\u00e1dzke do okolia a\u00a0niektor\u00ed z n\u00e1s dru\u017en\u00e9mu rozhovoru v\u00a0spolo\u010denstve o\u00a0z\u00e1\u017eitkoch z\u00a0uplynul\u00e9ho d\u0148a.<br \/>\n\u010cakal n\u00e1s \u010fal\u0161\u00ed de\u0148 &#8211; nede\u013ea &#8211; 3. M\u00e1j. Po rann\u00fdch modlitb\u00e1ch n\u00e1s po\u013esk\u00ed obl\u00e1ti s\u00a0o. Mateuszom pozvali na p\u00fa\u0165 do Zlat\u00fdch h\u00f4r v\u00a0\u010ceskej republike. Po\u010das asi hodinovej cesty autom sme si rozobrali nede\u013en\u00e9 evanjelium o\u00a0v\u00ednnom kmeni v\u00a015. kapitole pod\u013ea J\u00e1na. \u010cakala n\u00e1s tam mil\u00e1 mari\u00e1nska sv\u00e4ty\u0148a ukryt\u00e1 dos\u0165 hlboko a vysoko v\u00a0hor\u00e1ch, kde sme mali spolo\u010dn\u00fa slovensko-po\u013esk\u00fa nede\u013en\u00fa sv\u00e4t\u00fa om\u0161u. Po nej sme vyu\u017eili kr\u00e1sne prostredie na prech\u00e1dzku a\u00a0neform\u00e1lne rozhovory s\u00a0obl\u00e1tmi Biskupowa. Hovorili n\u00e1m o\u00a0svojich obl\u00e1tskych aktivit\u00e1ch, o form\u00e1cii aj o\u00a0s\u00fakromnom duchovnom \u017eivote pod\u013ea vzoru sv. Benedikta. Po prech\u00e1dzke sme ochutnali miestnu zmrzlinu v\u00a0tamoj\u0161ej \u010deskej dedinke Zlat\u00e9 Hory. Potom n\u00e1s u\u017e \u010dakal spolo\u010dn\u00fd obed v\u00a0spolo\u010denstve s\u00a0obl\u00e1tmi, komunitou mn\u00edchov aj otcami vizit\u00e1tormi. Ochutnali sme aj typick\u00e9 po\u013esk\u00e9 \u0161peciality ako napr. tvarohov\u00fd kol\u00e1\u010d \u201e Sernik\u201c<br \/>\nPo obede sme sa rozl\u00fa\u010dili, nalo\u017eili veci do auta a\u00a0vyrazili na cestu domov. Cestou sme sa zastavili v\u00a0\u010deskom meste Opava. Na n\u00e1mest\u00ed n\u00e1s up\u00fatala star\u00e1 historick\u00e1 katedr\u00e1la. Po dlh\u0161om p\u00e1tran\u00ed po vchode sa n\u00e1m podarilo do nej vojs\u0165 a\u00a0pomodlili sme sa tam ve\u0161pery v\u00a0ch\u00f3rov\u00fdch laviciach, riadne \u201epo benedikt\u00ednsky\u201c. Potom sme sa ob\u010derstvili v\u00a0miestnej cukr\u00e1rni a\u00a0posilnen\u00ed na tele i\u00a0na duchu sme pokra\u010dovali na ceste domov. Tak ako sme cestou do Biskupowa v\u00a0aute prib\u00fadali, tak n\u00e1s za\u010dalo ub\u00fada\u0165. Najprv vyst\u00fapil Tom\u00e1\u0161 a\u00a0Milo\u0161 v\u00a0\u010cadci, potom Dominika v\u00a0U\u013eanke, ja som vyst\u00fapila v\u00a0Banskej Bystrici a\u00a0Ani\u010dka s\u00a0otcom Jozefom i\u0161li e\u0161te cez Zvolen do Sampora.<br \/>\nVe\u013ek\u00e1 v\u010faka patr\u00ed otcovi Jozefovi, ktor\u00fd cel\u00fa cestu tam aj sp\u00e4\u0165 bezpe\u010dne \u201eod\u0161oferoval\u201c, staral sa o\u00a0n\u00e1\u0161 program, za \u010das, ktor\u00fd n\u00e1m venoval, maxim\u00e1lne ako mohol. V\u010faka Dominike za spolupr\u00e1cu pri organizovan\u00ed na\u0161ej n\u00e1v\u0161tevy a\u00a0slu\u017ebu sprievodcu. Aj v\u0161etk\u00fdm pr\u00edtomn\u00fdm obl\u00e1tom za spolo\u010denstvo, \u00faprimnos\u0165 a\u00a0zdie\u013eanie sa po\u010das no\u010dn\u00fdch rozhovorov. Samozrejme v\u010faka aj t\u00fdm, ktor\u00ed sa tejto n\u00e1v\u0161tevy nemohli z\u00fa\u010dastni\u0165, ale podporovali n\u00e1s modlitbami. \u010eakujeme a\u00a0v\u00a0modlitb\u00e1ch mysl\u00edme aj na na\u0161ich hostite\u013eov obl\u00e1tov a\u00a0mn\u00edchov z\u00a0Biskupowa, za ich mil\u00e9 prijatie a\u00a0pripraven\u00fd program<br \/>\nTeraz n\u00e1s \u010dak\u00e1 u\u017e len zorganizova\u0165 podobn\u00fa n\u00e1v\u0161tevu obl\u00e1tov z\u00a0Biskupowa v\u00a0na\u0161om materskom kl\u00e1\u0161tore v\u00a0Sampore aspo\u0148 s\u00a0tak\u00fdm programom, ak\u00fd pripravili oni n\u00e1m.<br \/>\nNech je vo v\u0161etkom osl\u00e1ven\u00fd Boh!<\/p>\n<p style=\"text-align: justify;\">\u00a0Obl\u00e1tka Erika<\/p>\n<p><a href=\"https:\/\/plus.google.com\/photos\/108074207720528341770\/albums\/6201766780418224817\">Fotografie<\/a><\/p>\n","protected":false},"excerpt":{"rendered":"<p>Prv\u00e9 tri dni mari\u00e1nskeho mesiaca m\u00e1j mali mo\u017enos\u0165 niektor\u00ed \u010dlenovia n\u00e1\u0161ho obl\u00e1tskeho spolo\u010denstva (presne Milo\u0161, Tom\u00e1\u0161, Dominika, Ani\u010dka a\u00a0Erika v\u00a0sprievode otca Jozefa) pre\u017ei\u0165 v\u00a0kr\u00e1snom prostred\u00ed benedikt\u00ednskeho kl\u00e1\u0161tora v\u00a0po\u013eskom Biskupowe v\u00a0spolo\u010denstve benedikt\u00ednskych mn\u00edchov a\u00a0obl\u00e1tov tamoj\u0161ieho kl\u00e1\u0161tora. Na uskuto\u010dnen\u00ed tejto bratskej n\u00e1v\u0161tevy mala ve\u013ek\u00fd podiel na\u0161a Dominika Minka, ktor\u00e1 kontaktovala tento, jej srdcu bl\u00edzky, benedikt\u00ednsky kl\u00e1\u0161tor a\u00a0dohodla [&hellip;]<\/p>\n","protected":false},"author":2,"featured_media":0,"comment_status":"open","ping_status":"open","sticky":false,"template":"","format":"standard","meta":{"footnotes":""},"categories":[3],"tags":[],"class_list":["post-195","post","type-post","status-publish","format-standard","hentry","category-aktuality"],"_links":{"self":[{"href":"https:\/\/oblati.benediktini.sk\/index.php?rest_route=\/wp\/v2\/posts\/195","targetHints":{"allow":["GET"]}}],"collection":[{"href":"https:\/\/oblati.benediktini.sk\/index.php?rest_route=\/wp\/v2\/posts"}],"about":[{"href":"https:\/\/oblati.benediktini.sk\/index.php?rest_route=\/wp\/v2\/types\/post"}],"author":[{"embeddable":true,"href":"https:\/\/oblati.benediktini.sk\/index.php?rest_route=\/wp\/v2\/users\/2"}],"replies":[{"embeddable":true,"href":"https:\/\/oblati.benediktini.sk\/index.php?rest_route=%2Fwp%2Fv2%2Fcomments&post=195"}],"version-history":[{"count":9,"href":"https:\/\/oblati.benediktini.sk\/index.php?rest_route=\/wp\/v2\/posts\/195\/revisions"}],"predecessor-version":[{"id":218,"href":"https:\/\/oblati.benediktini.sk\/index.php?rest_route=\/wp\/v2\/posts\/195\/revisions\/218"}],"wp:attachment":[{"href":"https:\/\/oblati.benediktini.sk\/index.php?rest_route=%2Fwp%2Fv2%2Fmedia&parent=195"}],"wp:term":[{"taxonomy":"category","embeddable":true,"href":"https:\/\/oblati.benediktini.sk\/index.php?rest_route=%2Fwp%2Fv2%2Fcategories&post=195"},{"taxonomy":"post_tag","embeddable":true,"href":"https:\/\/oblati.benediktini.sk\/index.php?rest_route=%2Fwp%2Fv2%2Ftags&post=195"}],"curies":[{"name":"wp","href":"https:\/\/api.w.org\/{rel}","templated":true}]}}