{"id":188,"date":"2015-01-15T13:38:00","date_gmt":"2015-01-15T11:38:00","guid":{"rendered":"http:\/\/oblati.benediktini.sk\/?p=188"},"modified":"2015-10-17T13:38:17","modified_gmt":"2015-10-17T11:38:17","slug":"oblatske-duchovne-cvicenia-s-o-damianom","status":"publish","type":"post","link":"https:\/\/oblati.benediktini.sk\/?p=188","title":{"rendered":"\u201eObl\u00e1tske\u201c duchovn\u00e9 cvi\u010denia s o. Dami\u00e1nom"},"content":{"rendered":"<p style=\"text-align: justify;\">Na za\u010diatku nov\u00e9ho kalend\u00e1rneho roka 2015 n\u00e1m Samporsk\u00e1 komunita otcov a bratov benedikt\u00ednov umo\u017enila na\u010derpa\u0165 nov\u00fdch fyzick\u00fdch a hlavne duchovn\u00fdch s\u00edl \u00fa\u010das\u0165ou na duchovn\u00fdch cvi\u010deniach (DC) v Samporskom kl\u00e1\u0161tore. DC viedol otec Dami\u00e1n\u00a0 v d\u0148och 8. a\u017e 11. janu\u00e1ra 2015. T\u00fato pr\u00edle\u017eitos\u0165, posv\u00e4ti\u0165 svojho ducha sme vyu\u017eili v\u0161etci, prv\u00fdkr\u00e1t spolu \u201estar\u00ed\u201c (Janko s man\u017eelkou Darinkou, Julka, Vierka, Dada a Luk\u00e1\u0161) i \u201enov\u00ed\u201c (Rado, Milo\u0161, Tom\u00e1\u0161, Dominika, Anka, Erika) obl\u00e1ti.<br \/>\nDC za\u010dali vo \u0161tvrtok 8. 1. 2015 o 17:00 hod ve\u0161perami a skon\u010dili v nede\u013eu 11. 1. 2015 po sl\u00e1vnostnom obede v spolo\u010denstve mn\u00edchov benedikt\u00ednov<\/p>\n<p style=\"text-align: justify;\"><a href=\"http:\/\/oblati.benediktini.sk\/wp-content\/uploads\/2015\/10\/IMAG2439_1.jpg\" data-rel=\"lightbox-image-0\" data-rl_title=\"\" data-rl_caption=\"\" title=\"\"><img loading=\"lazy\" decoding=\"async\" class=\"wp-image-190 aligncenter\" src=\"http:\/\/oblati.benediktini.sk\/wp-content\/uploads\/2015\/10\/IMAG2439_1-300x188.jpg\" alt=\"IMAG2439_1\" width=\"466\" height=\"292\" srcset=\"https:\/\/oblati.benediktini.sk\/wp-content\/uploads\/2015\/10\/IMAG2439_1-300x188.jpg 300w, https:\/\/oblati.benediktini.sk\/wp-content\/uploads\/2015\/10\/IMAG2439_1-1024x643.jpg 1024w\" sizes=\"auto, (max-width: 466px) 100vw, 466px\" \/><\/a><\/p>\n","protected":false},"excerpt":{"rendered":"<p>Na za\u010diatku nov\u00e9ho kalend\u00e1rneho roka 2015 n\u00e1m Samporsk\u00e1 komunita otcov a bratov benedikt\u00ednov umo\u017enila na\u010derpa\u0165 nov\u00fdch fyzick\u00fdch a hlavne duchovn\u00fdch s\u00edl \u00fa\u010das\u0165ou na duchovn\u00fdch cvi\u010deniach (DC) v Samporskom kl\u00e1\u0161tore. DC viedol otec Dami\u00e1n\u00a0 v d\u0148och 8. a\u017e 11. janu\u00e1ra 2015. T\u00fato pr\u00edle\u017eitos\u0165, posv\u00e4ti\u0165 svojho ducha sme vyu\u017eili v\u0161etci, prv\u00fdkr\u00e1t spolu \u201estar\u00ed\u201c (Janko s man\u017eelkou Darinkou, [&hellip;]<\/p>\n","protected":false},"author":2,"featured_media":0,"comment_status":"open","ping_status":"open","sticky":false,"template":"","format":"standard","meta":{"footnotes":""},"categories":[3],"tags":[],"class_list":["post-188","post","type-post","status-publish","format-standard","hentry","category-aktuality"],"_links":{"self":[{"href":"https:\/\/oblati.benediktini.sk\/index.php?rest_route=\/wp\/v2\/posts\/188","targetHints":{"allow":["GET"]}}],"collection":[{"href":"https:\/\/oblati.benediktini.sk\/index.php?rest_route=\/wp\/v2\/posts"}],"about":[{"href":"https:\/\/oblati.benediktini.sk\/index.php?rest_route=\/wp\/v2\/types\/post"}],"author":[{"embeddable":true,"href":"https:\/\/oblati.benediktini.sk\/index.php?rest_route=\/wp\/v2\/users\/2"}],"replies":[{"embeddable":true,"href":"https:\/\/oblati.benediktini.sk\/index.php?rest_route=%2Fwp%2Fv2%2Fcomments&post=188"}],"version-history":[{"count":5,"href":"https:\/\/oblati.benediktini.sk\/index.php?rest_route=\/wp\/v2\/posts\/188\/revisions"}],"predecessor-version":[{"id":213,"href":"https:\/\/oblati.benediktini.sk\/index.php?rest_route=\/wp\/v2\/posts\/188\/revisions\/213"}],"wp:attachment":[{"href":"https:\/\/oblati.benediktini.sk\/index.php?rest_route=%2Fwp%2Fv2%2Fmedia&parent=188"}],"wp:term":[{"taxonomy":"category","embeddable":true,"href":"https:\/\/oblati.benediktini.sk\/index.php?rest_route=%2Fwp%2Fv2%2Fcategories&post=188"},{"taxonomy":"post_tag","embeddable":true,"href":"https:\/\/oblati.benediktini.sk\/index.php?rest_route=%2Fwp%2Fv2%2Ftags&post=188"}],"curies":[{"name":"wp","href":"https:\/\/api.w.org\/{rel}","templated":true}]}}