{"id":1177,"date":"2026-03-04T23:19:55","date_gmt":"2026-03-04T21:19:55","guid":{"rendered":"https:\/\/oblati.benediktini.sk\/?p=1177"},"modified":"2026-03-04T23:19:55","modified_gmt":"2026-03-04T21:19:55","slug":"cirkev-v-pohybe","status":"publish","type":"post","link":"https:\/\/oblati.benediktini.sk\/?p=1177","title":{"rendered":"Cirkev v pohybe"},"content":{"rendered":"\n<p>Duchovn\u00e9 dedi\u010dstvo p\u00e1pe\u017ea Franti\u0161ka (rozhovor z \u010dasopisu Posol, febru\u00e1r 2026)<\/p>\n\n\n\n<p><em>\u00a0\u00a0\u00a0\u00a0\u00a0\u00a0\u00a0\u00a0 <\/em>Sv\u00e4t\u00fd Otec Franti\u0161ek dal Cirkev do\u00a0pohybu. Vyhl\u00e1sil a\u017e dva jubilejn\u00e9 roky, ktor\u00e9 priviedli do R\u00edma obrovsk\u00e9 po\u010dty p\u00fatnikov. Mimoriadne Jubileum milosrdenstva sa za\u010dalo v\u00a0decembri 2015. Jubileum 2025 s mottom \u201eP\u00fatnici n\u00e1deje\u201c sa napokon stalo rokom zav\u0155\u0161enia jeho pontifik\u00e1tu a\u00a0pr\u00edchodu jeho n\u00e1stupcu. Pribl\u00ed\u017eme si p\u00fatnick\u00fd odkaz p\u00e1pe\u017ea Franti\u0161ka cez svedectvo man\u017eelov <strong><em>Miroslava a Lenky Jozefiakovcov<\/em><\/strong> z hornooravskej obce M\u00fatne, ktor\u00ed sa\u00a0v\u00a0z\u00e1vere Jubilejn\u00e9ho roka vybrali do R\u00edma sl\u00fa\u017ei\u0165 ako dobrovo\u013en\u00edci.<\/p>\n\n\n\n<!--more-->\n\n\n\n<p>\u2022&nbsp;<strong>V&nbsp;\u010dom spo\u010d\u00edvala va\u0161a slu\u017eba?<\/strong><\/p>\n\n\n\n<p><strong>M.:<\/strong><strong> <\/strong>Bola to slu\u017eba t\u00fdm, ktor\u00ed sa ako skupina zaregistrovali a&nbsp;spolu putovali do Baziliky sv\u00e4t\u00e9ho Petra. V&nbsp;p\u00fatnickom \u201e\u00farade\u201c na Piazza Pia si prevzali p\u00fatnick\u00fd kr\u00ed\u017e aj texty modlitieb, spevov a lit\u00e1ni\u00ed vo svojom jazyku. Putovali koridorom chr\u00e1nen\u00fdm z\u00e1bradl\u00edm. Ke\u010f pri\u0161li pred Baziliku sv. Petra, sprev\u00e1dzali sme ich cez Sv\u00e4t\u00fa br\u00e1nu, celou bazilikou a\u017e k hrobu sv. Petra. Tam sa spolu pomodlili Vyznanie viery a ak bol v&nbsp;skupi\u00adne&nbsp;k\u0148az, udelil po\u017eehnanie. My sme prevzali od nich p\u00fatnick\u00fd kr\u00ed\u017e a&nbsp;odniesli ho do depozitu v&nbsp;bazilike.<\/p>\n\n\n\n<p><strong>L.<\/strong>: Za jeden de\u0148 slu\u017eby som tak pre\u0161la aj sedemkr\u00e1t Sv\u00e4tou br\u00e1nou a dostala som po\u017eehnanie po taliansky, \u0161panielsky, franc\u00fazsky, portugalsky, anglicky.<\/p>\n\n\n\n<p><strong>M.<\/strong>: A&nbsp;okrem toho bolo samozrejme ve\u013ea ot\u00e1zok od p\u00fatnikov alebo turistov. Naj\u010dastej\u0161ie: ako sa dostan\u00fa do Vatik\u00e1nskych m\u00faze\u00ed, kde sa daj\u00fa k\u00fapi\u0165 l\u00edstky na kupolu, kde je vchod k&nbsp;hrobk\u00e1m p\u00e1pe\u017eov, z&nbsp;ktor\u00e9ho okna d\u00e1va p\u00e1pe\u017e po\u017eehnanie na modlitbu Anjel P\u00e1na, kde je kom\u00edn, z&nbsp;ktor\u00e9ho vych\u00e1dza na konkl\u00e1ve biely dym a&nbsp;d\u00f4le\u017eit\u00e1 ot\u00e1zka: kde je v\u00fdchod. Do baziliky sa toti\u017e prich\u00e1dzalo len z&nbsp;jednej strany a&nbsp;v\u00fdchod bol z&nbsp;opa\u010dnej. Pri tom mno\u017estve \u013eud\u00ed niekedy nebolo \u013eahk\u00e9 zorientova\u0165 sa, kadia\u013e sa ide na N\u00e1mestie sv. Petra.<\/p>\n\n\n\n<p><strong>L.<\/strong>: Konkr\u00e9tne slu\u017eby n\u00e1m pride\u013eoval ved\u00faci ka\u017ed\u00fd de\u0148 pri n\u00e1stupe. Slu\u017eba dobrovo\u013en\u00edkov bola rozdelen\u00e1 na dve zmeny, rann\u00fa a&nbsp;poobedn\u00fa. Rann\u00e1 7:00 a\u017e&nbsp;13:00, poobedn\u00e1 sa za\u010d\u00ednala o 13:00 a&nbsp;kon\u010dila medzi 17:30 a 18:00. Boli sme tam 9 dn\u00ed, v&nbsp;slu\u017ebe dobrovo\u013en\u00edkov 8 dn\u00ed.<\/p>\n\n\n\n<p>\u2022&nbsp;<strong>Vy\u017eadovalo si to extra pr\u00edpravu? Prezra\u010fte nie\u010do o&nbsp;sebe, \u010domu sa be\u017ene venujete.<\/strong><\/p>\n\n\n\n<p><strong>M.:<\/strong><strong> <\/strong>Extra pr\u00edprava?<strong> <\/strong>Mysl\u00edm, \u017ee sta\u010dila len ochota \u00eds\u0165 do tejto slu\u017eby.<strong> <\/strong>J Ale nie:<strong> <\/strong>pri registr\u00e1cii za dobrovo\u013en\u00edkov bolo potrebn\u00e9 uvies\u0165 jazykov\u00e9 schopnosti, bolo potrebn\u00e9 dolo\u017ei\u0165 potvrdenie miestneho k\u0148aza o&nbsp;svedectve \u017eivota. Tak\u017ee som sa u\u010dil talian\u010dinu, ale \u010dastej\u0161ie sme komunikovali po anglicky.<\/p>\n\n\n\n<p><strong>L.:<\/strong> Na\u0161tudova\u0165 si \u010do najviac materi\u00e1lov o&nbsp;tomto jubilejnom roku a&nbsp;samozrejme vn\u00fatorn\u00e1 pr\u00edprava. Ako dobrovo\u013en\u00edci sme u\u017e boli v&nbsp;\u0160a\u0161\u00adt\u00edne&nbsp;po\u010das n\u00e1v\u0161tevy p\u00e1pe\u017ea Franti\u0161ka na Slovensku.<\/p>\n\n\n\n<p><strong>M.:<\/strong> V&nbsp;\u0160a\u0161t\u00edne to bola krat\u0161ia, dvojd\u0148ov\u00e1 z\u00e1le\u017eitos\u0165, pre m\u0148a trochu viac zodpovedn\u00e1; bol som ved\u00facim pri jednej zo vstupn\u00fdch br\u00e1n a&nbsp;musel som koordinova\u0165 asi 20 \u013eud\u00ed. Pracujem na \u0161kolskom \u00farade a&nbsp;to vy\u017eaduje aj vedie\u0165 veci dopredu pl\u00e1nova\u0165, organizova\u0165, h\u013eada\u0165 inform\u00e1cie, potom tieto inform\u00e1cie pos\u00fava\u0165 \u010falej, komunikova\u0165 s&nbsp;\u013eu\u010fmi. V\u0161etky tieto sk\u00fasenosti sme vyu\u017eili aj pri pl\u00e1novan\u00ed na\u0161ej dobrovo\u013en\u00edckej slu\u017eby v&nbsp;R\u00edme.<\/p>\n\n\n\n<p><strong>L.:<\/strong> S&nbsp;t\u00fdmto n\u00e1padom dobrovo\u013en\u00edctva pri\u0161iel man\u017eel a&nbsp;mne u\u017e nezost\u00e1valo ni\u010d in\u00e9, len ho podpori\u0165 a&nbsp;prida\u0165 sa k&nbsp;nemu. Navz\u00e1jom sa dop\u013a\u0148ame: ja s&nbsp;n\u00edm idem na nejak\u00fd v\u00fdstup a&nbsp;on so mnou dole z&nbsp;v\u00fd\u00adstupu. J M\u00e1me svoje zamestnania \u2013 on v&nbsp;\u0161kolstve, ja v&nbsp;s\u00fakromnej fir\u00adme&nbsp;ako ekon\u00f3mka \u2013 ale spolo\u010dn\u00e9 chv\u00edle tr\u00e1vime s&nbsp;de\u0165mi alebo niekde na hor\u00e1ch my dvaja spolu.<\/p>\n\n\n\n<p><strong>M.:<\/strong> Boli sme tam v&nbsp;\u010dase Adventu, a&nbsp;tak sme mohli vidie\u0165 a&nbsp;za\u017ei\u0165 pr\u00edpravu na sviatky narodenia Spasite\u013ea ve\u013emi konkr\u00e9tne. V&nbsp;mnoh\u00fdch kostoloch u\u017e boli pripraven\u00e9 betlehemy. Za\u017eili sme obrad po\u017eehnania betlehema a rozsvietenia viano\u010dn\u00e9ho strom\u010deka pred bazilikou Santa Maria Maggiore, ktor\u00fa viedol kardin\u00e1l Makrickas v Druh\u00fa adventn\u00fa nede\u013eu.<\/p>\n\n\n\n<p>\u2022&nbsp;<strong>Ste po\u010detn\u00e1 rodina, ale do R\u00edma ste i\u0161li vo dvojici. \u010co na to va\u0161e deti?<\/strong><\/p>\n\n\n\n<p><strong>L.:<\/strong><strong> <\/strong>Deti e\u0161te nesp\u013a\u0148ali podmienku veku (18 r.). Inak by sme ich ur\u010dite motivovali, aby tie\u017e i\u0161li za dobrovo\u013en\u00edkov do R\u00edma.<strong> <\/strong>Sna\u017e\u00edme sa ich vies\u0165 k&nbsp;samostatnosti a&nbsp;zodpovednosti jeden za druh\u00e9ho. Mali pr\u00edle\u017eitos\u0165 overi\u0165 si, na akej \u00farov\u00adni&nbsp;sa nach\u00e1dzaj\u00fa. A&nbsp;mus\u00edme doda\u0165, \u017ee nesklamali.<\/p>\n\n\n\n<p>\u2022&nbsp;<strong>P\u00fa\u0165 do R\u00edma znamen\u00e1 kontakt so Sv\u00e4t\u00fdm Otcom. Stretli ste Leva XIV.? Ako ho vn\u00edmate?<\/strong><\/p>\n\n\n\n<p><strong>L.:<\/strong><strong> <\/strong>Iste, ka\u017ed\u00fd, kto prich\u00e1dza do R\u00edma, m\u00e1 v&nbsp;sebe t\u00fa\u017ebu stretn\u00fa\u0165 sa s&nbsp;p\u00e1pe\u017eom. V&nbsp;na\u0161om pr\u00edpade to nebolo inak. Zvl\u00e1\u0161\u0165 v jubilejnom roku. No ke\u010f sme pri\u0161li, p\u00e1pe\u017e bol pr\u00e1ve na svojej prvej apo\u0161tolskej ceste v&nbsp;Turecku a&nbsp;Libanone. Po\u010das toho t\u00fd\u017ed\u0148a bol zmenen\u00fd aj program a&nbsp;namiesto tradi\u010dnej stredy bola audiencia v&nbsp;sobotu. Ke\u010f\u017ee po\u010dasie bolo slne\u010dn\u00e9, bola na N\u00e1mest\u00ed sv. Petra.<\/p>\n\n\n\n<p><strong>M.:<\/strong> Od r\u00e1na sme pom\u00e1hali pol\u00edcii na bezpe\u010dnostn\u00fdch kontrol\u00e1ch pri vstupoch na N\u00e1mestie a&nbsp;ke\u010f sa o&nbsp;10:00 za\u010dala audiencia, presunuli sme sa k&nbsp;bari\u00e9ram, ktor\u00e9 s\u00fa okolo uli\u010diek na N\u00e1mest\u00ed sv. Petra, a&nbsp;pozdravili sme aj p\u00e1pe\u017ea, ktor\u00fd prech\u00e1dzal k\u00fasok okolo n\u00e1s na vozidle. Bolo to kr\u00e1sne stretnutie. Sv\u00e4t\u00e9ho Otca Leva XIV. vn\u00edmam ako ve\u013emi m\u00fadreho, pokojn\u00e9ho, rozv\u00e1\u017eneho, pokorn\u00e9ho a&nbsp;usmievaj\u00faceho sa p\u00e1pe\u017ea, ktor\u00fd m\u00e1&nbsp;sk\u00fasenosti s&nbsp;pastor\u00e1ciou na &nbsp;r\u00f4znych kontinentoch, s r\u00f4znymi kult\u00farami. Je ve\u013emi jazykovo zdatn\u00fd, \u010do mu umo\u017e\u0148uje komunikova\u0165 v&nbsp;r\u00f4znych jazykoch a&nbsp;tak sa dot\u00fdka\u0165 \u013eudsk\u00fdch s\u0155dc. Poch\u00e1dza z&nbsp;USA \u2013 krajiny, ktor\u00e1 sa poklad\u00e1 za ve\u013emi bohat\u00fa krajinu, no dlho p\u00f4sobil v&nbsp;Peru \u2013 krajine, kde sa na prepravu dodnes pou\u017e\u00edvaj\u00fa mulice, a&nbsp;tak ve\u013emi dobre vie, \u010do je pre \u013eud\u00ed najpotrebnej\u0161ie, a&nbsp;toto sa sna\u017e\u00ed komunikova\u0165 aj svoj\u00edm pontifik\u00e1tom.<\/p>\n\n\n\n<p>\u2022&nbsp;<strong>A kto bol pre v\u00e1s p\u00e1pe\u017e Franti\u0161ek?<\/strong><\/p>\n\n\n\n<p><strong>L.:<\/strong><strong> <\/strong>Osobne sme sa s&nbsp;p\u00e1pe\u017eom Franti\u0161kom nestretli. Ale te\u0161\u00ed n\u00e1s, \u017ee sme mohli posl\u00fa\u017ei\u0165 pri jeho n\u00e1v\u0161teve na Slovensku. P\u00e1pe\u017e Franti\u0161ek priniesol do Cirkvi poh\u013ead na Cirkev z&nbsp;in\u00e9ho kontinentu, kde ju videl in\u00fdmi o\u010dami, ako sme ju videli v&nbsp;Eur\u00f3pe. Budoval Cirkev na skale, a&nbsp;nechcel ju ako nejak\u00fa in\u0161tit\u00faciu s&nbsp;klerikalizmom. Hovoril o&nbsp;Cirkvi ako o&nbsp;po\u013enej nemocnici, o&nbsp;tom, \u017ee kres\u0165ania nemaj\u00fa \u00eds\u0165 s&nbsp;pr\u00fadom vody, ale maj\u00fa by\u0165 \u017eiv\u00fdmi a&nbsp;drav\u00fdmi \u010dlenmi, ktor\u00ed dok\u00e1\u017eu \u00eds\u0165 aj proti pr\u00fadu a&nbsp;rozv\u00edria tie stojace zap\u00e1chaj\u00face vody. A&nbsp;ve\u013emi sa mi p\u00e1\u010di jeho v\u00fdrok, \u017ee pastier m\u00e1 vo\u0148a\u0165 po ovciach.&nbsp;<\/p>\n\n\n\n<p><strong>M.:<\/strong> Moji rodi\u010dia a&nbsp;krstn\u00ed rodi\u010dia sl\u00e1vili spolu v&nbsp;lete 50. v\u00fdro\u010die man\u017eelstva. Napadlo n\u00e1m s\u00farodencom, \u017ee im darujeme po\u017eehnanie Sv\u00e4t\u00e9ho Otca. Skontaktoval som sa s&nbsp;p\u00e1nom kancel\u00e1rom n\u00e1\u0161ho biskupa a&nbsp;poprosil som ho, aby n\u00e1m tieto po\u017eehnania sprostredkoval. V\u0161etko zariadil a&nbsp;ke\u010f na\u0161i k\u0148azi i\u0161li na Zelen\u00fd \u0161tvrtok na om\u0161u sv\u00e4tenia olejov s&nbsp;biskupom na Spi\u0161sk\u00fa Kapitulu, tieto po\u017eehnania od p\u00e1pe\u017ea Franti\u0161ka n\u00e1m doniesli. Ani sme netu\u0161ili, \u017ee o&nbsp;p\u00e1r dn\u00ed si ho P\u00e1n povol\u00e1. Po\u010das n\u00e1\u0161ho vo\u013en\u00e9ho \u010dasu v&nbsp;R\u00edme sme nav\u0161t\u00edvili jeho hrob v&nbsp;Bazilike Santa Maria Maggiore.<\/p>\n\n\n\n<p>\u2022&nbsp;<strong>S ak\u00fdmi pocitmi ste sa vr\u00e1tili z&nbsp;R\u00edma? \u010co bolo pre v\u00e1s zvl\u00e1\u0161\u0165 siln\u00e9?<\/strong><\/p>\n\n\n\n<p><strong>M.: <\/strong>Za\u017ei\u0165 jubilejn\u00fd rok priamo v&nbsp;jeho centre a priamo sa na \u0148om spolupodie\u013ea\u0165, to je z\u00e1\u017eitok, ktor\u00fd sa u\u017e zrejme nezopakuje.<\/p>\n\n\n\n<p><strong>L.:<\/strong><strong> <\/strong>Bolo n\u00e1dhern\u00e9 vidie\u0165 tie ve\u013ek\u00e9 z\u00e1stupy z&nbsp;ka\u017edej strany sveta, mal\u00fdch i&nbsp;ve\u013ek\u00fdch, rozli\u010dn\u00fdch kult\u00far, r\u00e1s, jazykov, postihnut\u00fdch \u013eud\u00ed na&nbsp;voz\u00edkoch s&nbsp;doprovodom, biskupov, ako kr\u00e1\u010daj\u00fa na \u010dele s&nbsp;kr\u00ed\u017eom a&nbsp;za nimi p\u00fatnici modliaci sa \u017ealmy, skupiny det\u00ed spievaj\u00face piesne&#8230; Bolo c\u00edti\u0165, \u017ee P\u00e1nov Duch vanie v&nbsp;celej Cirkvi.<\/p>\n\n\n\n<p><strong>M.:<\/strong><strong> <\/strong>Mnoh\u00ed dobrovo\u013en\u00edci, s&nbsp;ktor\u00fdmi sme b\u00fdvali pod jednou strechou, vyd\u00e1vali svedectvo o&nbsp;svojej viere a&nbsp;l\u00e1ske k&nbsp;Bohu a&nbsp;bl\u00ed\u017enym.<strong> <\/strong>Bola tam Cathlyn, ktor\u00e1 priletela na jeden t\u00fd\u017ede\u0148 z&nbsp;New Yorku, diev\u010dat\u00e1 z&nbsp;Braz\u00edlie, Mexika, Venezuely, matka troch det\u00ed zo Singapuru, John z&nbsp;Indon\u00e9zie \u2013 preleteli pol sveta, len aby mohli posl\u00fa\u017ei\u0165 p\u00fatnikom ako dobrovo\u013en\u00edci na jeden t\u00fd\u017ede\u0148. Nie je to n\u00e1dhern\u00fd prejav viery a&nbsp;l\u00e1sky?<\/p>\n\n\n\n<p><strong>L.:<\/strong><strong> <\/strong>Stretli sme tam \u010fal\u0161ie dobrovo\u013en\u00ed\u010dky zo Slovenska: Moniku z&nbsp;Tren\u010d\u00edna, ktor\u00e1 s\u00edce u\u017e 20 rokov \u017eije v&nbsp;Taliansku, ale sloven\u010dinu nezabudla a&nbsp;bolo ve\u013emi obohacuj\u00face tr\u00e1vi\u0165 \u010das spolu s&nbsp;\u0148ou. A&nbsp;samozrejme Mirku. A&nbsp;pred \u0148ou klob\u00fak dole. My sme tam boli osem dn\u00ed, ale ona cel\u00fd rok. To je u\u017e in\u00fd level.<\/p>\n\n\n\n<p>\u2022&nbsp;<strong>Za\u017eili ste aj prekvapenia? A mali ste \u010das aj pre seba?<\/strong><\/p>\n\n\n\n<p><strong>M.:<\/strong> Prekvapenia samozrejme boli, a&nbsp;nie hocijak\u00e9. V&nbsp;utorok sme videli princa Alberta z&nbsp;Monaka, ako s&nbsp;biskupom a&nbsp;men\u0161ou skupinou prech\u00e1dzali cez Sv\u00e4t\u00fa br\u00e1nu. Vo \u0161tvrtok r\u00e1no sme sa stretli z&nbsp;predsedom KBS arcibiskupom Bernardom Boberom, pre\u0161ovsk\u00fdm arcibiskupom Jon\u00e1\u0161om Maximom, riadite\u013eom S\u00daSCM v&nbsp;R\u00edme Pavlom Zvarom a&nbsp;\u010fal\u0161\u00edmi.<\/p>\n\n\n\n<p><strong>L.:<\/strong> No a&nbsp;tesne pred koncom na\u0161ej slu\u017eby vo \u0161tvrtok za nami pri\u00ad\u0161iel&nbsp;p\u00e1n&nbsp;prezident Pellegrini, ktor\u00fd v&nbsp;ten de\u0148 mal stretnutie so Sv\u00e4t\u00fdm Otcom. Z\u00e1merne hovor\u00edm pri\u0161iel, lebo on naozaj pri\u0161iel za nami, nie my&nbsp;za&nbsp;n\u00edm. Boli sme na stanovi\u0161ti, kam n\u00e1s r\u00e1no poslali, k\u00fasok od N\u00e1mestia sv. Petra, a&nbsp;on tam mal rozhovory s&nbsp;novin\u00e1rmi do slovensk\u00fdch m\u00e9di\u00ed. Po ich skon\u010den\u00ed pri\u0161iel k&nbsp;n\u00e1m, a&nbsp;tak sme sa porozpr\u00e1vali so slovensk\u00fdm prezidentom v&nbsp;Taliansku, na hranici medzi Vatik\u00e1nom a&nbsp;R\u00edmom. V&nbsp;jeden de\u0148 sme stretli najvy\u0161\u0161\u00edch predstavite\u013eov Cirkvi i&nbsp;politiky. Neviem, \u010d\u00edm sme si to zasl\u00fa\u017eili. J<\/p>\n\n\n\n<p><strong>M.<\/strong><strong>:<\/strong> Samozrejme, mali sme \u010das aj na seba sam\u00fdch. Potulky starovek\u00fdm R\u00edmom \u010di prav\u00e1 talianska pizza \u2013 bol \u010das aj na tieto z\u00e1le\u017eitosti. Cel\u00e1 na\u0161a dobrovo\u013en\u00edcka slu\u017eba spo\u010d\u00edvala v&nbsp;tom \u2013 ako nap\u00edsal apo\u0161tol sv\u00e4t\u00fd Peter \u2013, aby bol vo v\u0161etkom osl\u00e1ven\u00fd Boh (1 Pt 4,11).<\/p>\n\n\n\n<p>\u2022&nbsp;<strong>Doma na Orave je va\u0161\u00edm poslan\u00edm v\u00fdchova det\u00ed, <\/strong><strong>katech\u00e9za v&nbsp;\u0161kole, ste zapojen\u00ed v&nbsp;spolo\u010denstve, vo far\u00adnosti. Ako konkr\u00e9tne za\u017e\u00edvate synodalitu Cirkvi, vyjadren\u00fa v slov\u00e1ch spolo\u010denstvo, spolu\u00fa\u010das\u0165 a misia?<\/strong><strong><\/strong><\/p>\n\n\n\n<p><strong>M.<\/strong><strong> a <\/strong><strong>L.<\/strong><strong>: <\/strong>Synodalita Cirkvi je pre n\u00e1s kr\u00e1sne vyjadren\u00e1 v&nbsp;logu jubi\u00adlejn\u00e9ho roka: \u013eudia prich\u00e1dzaj\u00faci z&nbsp;r\u00f4znych k\u00fatov sveta, spolu kr\u00e1\u010daj\u00faci za kr\u00ed\u017eom, ktor\u00fd m\u00e1 tvar kotvy. Ka\u017ed\u00fd z&nbsp;t\u00fdchto \u013eud\u00ed m\u00e1 svoje dary, talenty a&nbsp;charizmy, ktor\u00fdmi m\u00f4\u017ee posl\u00fa\u017ei\u0165 svojim bratom a&nbsp;sestr\u00e1m v&nbsp;Cirkvi, ale i&nbsp;t\u00fdm, ktor\u00ed s\u00fa mimo Cirkvi. Apo\u0161tol Pavol n\u00e1m to povedal jasne: \u201eDary milosti s\u00fa rozli\u010dn\u00e9, ale Duch je ten ist\u00fd. Aj slu\u017eby s\u00fa rozli\u010dn\u00e9, ale P\u00e1n je ten ist\u00fd. A rozli\u010dn\u00e9 s\u00fa aj \u00fa\u010dinky, ale Boh, ktor\u00fd p\u00f4sob\u00ed v\u0161etko vo v\u0161etk\u00fdch, je ten ist\u00fd\u201c (1 Kor 12,4-6). Ka\u017ed\u00fd m\u00e1 svoje miesto v Cirkvi. Ide o to, aby ka\u017ed\u00fd na\u0161iel to svoje miesto, bol otvoren\u00fd Duchu a P\u00e1n sa u\u017e o ostatn\u00e9 postar\u00e1.<\/p>\n\n\n\n<p>Za rozhovor \u010fakuje Jozef Bartkovjak SJ<\/p>\n","protected":false},"excerpt":{"rendered":"<p>Duchovn\u00e9 dedi\u010dstvo p\u00e1pe\u017ea Franti\u0161ka (rozhovor z \u010dasopisu Posol, febru\u00e1r 2026) \u00a0\u00a0\u00a0\u00a0\u00a0\u00a0\u00a0\u00a0 Sv\u00e4t\u00fd Otec Franti\u0161ek dal Cirkev do\u00a0pohybu. Vyhl\u00e1sil a\u017e dva jubilejn\u00e9 roky, ktor\u00e9 priviedli do R\u00edma obrovsk\u00e9 po\u010dty p\u00fatnikov. Mimoriadne Jubileum milosrdenstva sa za\u010dalo v\u00a0decembri 2015. Jubileum 2025 s mottom \u201eP\u00fatnici n\u00e1deje\u201c sa napokon stalo rokom zav\u0155\u0161enia jeho pontifik\u00e1tu a\u00a0pr\u00edchodu jeho n\u00e1stupcu. Pribl\u00ed\u017eme si p\u00fatnick\u00fd [&hellip;]<\/p>\n","protected":false},"author":4,"featured_media":0,"comment_status":"closed","ping_status":"open","sticky":false,"template":"","format":"standard","meta":{"footnotes":""},"categories":[3],"tags":[],"class_list":["post-1177","post","type-post","status-publish","format-standard","hentry","category-aktuality"],"_links":{"self":[{"href":"https:\/\/oblati.benediktini.sk\/index.php?rest_route=\/wp\/v2\/posts\/1177","targetHints":{"allow":["GET"]}}],"collection":[{"href":"https:\/\/oblati.benediktini.sk\/index.php?rest_route=\/wp\/v2\/posts"}],"about":[{"href":"https:\/\/oblati.benediktini.sk\/index.php?rest_route=\/wp\/v2\/types\/post"}],"author":[{"embeddable":true,"href":"https:\/\/oblati.benediktini.sk\/index.php?rest_route=\/wp\/v2\/users\/4"}],"replies":[{"embeddable":true,"href":"https:\/\/oblati.benediktini.sk\/index.php?rest_route=%2Fwp%2Fv2%2Fcomments&post=1177"}],"version-history":[{"count":2,"href":"https:\/\/oblati.benediktini.sk\/index.php?rest_route=\/wp\/v2\/posts\/1177\/revisions"}],"predecessor-version":[{"id":1179,"href":"https:\/\/oblati.benediktini.sk\/index.php?rest_route=\/wp\/v2\/posts\/1177\/revisions\/1179"}],"wp:attachment":[{"href":"https:\/\/oblati.benediktini.sk\/index.php?rest_route=%2Fwp%2Fv2%2Fmedia&parent=1177"}],"wp:term":[{"taxonomy":"category","embeddable":true,"href":"https:\/\/oblati.benediktini.sk\/index.php?rest_route=%2Fwp%2Fv2%2Fcategories&post=1177"},{"taxonomy":"post_tag","embeddable":true,"href":"https:\/\/oblati.benediktini.sk\/index.php?rest_route=%2Fwp%2Fv2%2Ftags&post=1177"}],"curies":[{"name":"wp","href":"https:\/\/api.w.org\/{rel}","templated":true}]}}